{"id":34101,"date":"2021-03-03T08:00:50","date_gmt":"2021-03-03T11:00:50","guid":{"rendered":"http:\/\/www.sincomam.org.br\/?p=34101"},"modified":"2021-03-02T16:36:10","modified_gmt":"2021-03-02T19:36:10","slug":"porto-do-recife-tem-alta-de-6904-na-movimentacao-de-cargas-em-janeiro","status":"publish","type":"post","link":"https:\/\/www.sincomam.org.br\/index.php\/porto-do-recife-tem-alta-de-6904-na-movimentacao-de-cargas-em-janeiro\/","title":{"rendered":"Porto do Recife tem alta de 69,04% na movimenta\u00e7\u00e3o de cargas em janeiro"},"content":{"rendered":"<p>O ano de 2021 come\u00e7a promissor para a movimenta\u00e7\u00e3o de cargas em Pernambuco a partir do Porto do Recife. O ancoradouro registrou crescimento de\u00a069,04%\u00a0comparado ao mesmo per\u00edodo do ano passado, mais que o dobro do percentual estimado para\u00a0o m\u00eas. O cen\u00e1rio tamb\u00e9m reposiciona as estimativas de movimenta\u00e7\u00e3o para os pr\u00f3ximos meses e coloca a gest\u00e3o ainda mais forte na estrat\u00e9gia de dar protagonismo ao Porto do Recife na log\u00edstica do Estado.<\/p>\n<p>Em n\u00fameros absolutos, o ancoradoro previa movimentar cerca\u00a0de 82 mil toneladas\u00a0de produtos, mas registrou a movimenta\u00e7\u00e3o de\u00a0166.041 toneladas. Em janeiro de 2020,\u00a0foram\u00a098.225 toneladas\u00a0movimentadas.\u00a0O ancoradouro recifense recebeu\u00a0oito embarca\u00e7\u00f5es, as quais importaram e exportaram seis produtos diferentes.<\/p>\n<p>A carga mais movimentada foi o a\u00e7\u00facar a granel e em saca. Quase\u00a082 mil\u00a0toneladas do ado\u00e7ante pernambucano foram exportadas para Rom\u00eania, L\u00edbano e Canad\u00e1. Na sequ\u00eancia,\u00a034.847\u00a0toneladas de malte de cevada Belga e Argentino chegaram pelo Porto do Recife para abastecer a ind\u00fastria cervejeira de Pernambuco. Tamb\u00e9m passaram pelo Porto do Recife barrilha, fertilizante e trigo, fora as pequenas embarca\u00e7\u00f5es que abastecem o arquip\u00e9lago de Fernando de Noronha.<\/p>\n<p><em>\u201cO ano come\u00e7ou com uma promessa de reequil\u00edbrio. Janeiro j\u00e1 superou as expectativas e a movimenta\u00e7\u00e3o prevista para fevereiro \u00e9 de 117 mil toneladas, n\u00famero j\u00e1 30% superior comparado ao mesmo per\u00edodo do ano passado. A partir de agora, a gente j\u00e1 entende que pode ser mais forte nos avan\u00e7os do Porto, para que ele ganhe mais espa\u00e7o na nossa economia\u201d<\/em>, ressaltou o presidente do Porto do Recife, Marconi Muzzio.<\/p>\n<p>*Com informa\u00e7\u00f5es Porto do Recife S.A.<\/p>\n<p>Foto: divulga\u00e7\u00e3o<\/p>\n","protected":false},"excerpt":{"rendered":"<p>O ano de 2021 come\u00e7a promissor para a movimenta\u00e7\u00e3o de cargas em Pernambuco a partir do Porto do Recife. O ancoradouro registrou crescimento de\u00a069,04%\u00a0comparado ao&#8230;<\/p>\n","protected":false},"author":1182,"featured_media":6769,"comment_status":"closed","ping_status":"closed","sticky":false,"template":"","format":"standard","meta":{"footnotes":""},"categories":[6],"tags":[191,555,4386,237,80,228],"class_list":["post-34101","post","type-post","status-publish","format-standard","has-post-thumbnail","hentry","category-noticias","tag-cargas","tag-janeiro","tag-logistca","tag-movimentacao","tag-porto","tag-recife"],"_links":{"self":[{"href":"https:\/\/www.sincomam.org.br\/index.php\/wp-json\/wp\/v2\/posts\/34101","targetHints":{"allow":["GET"]}}],"collection":[{"href":"https:\/\/www.sincomam.org.br\/index.php\/wp-json\/wp\/v2\/posts"}],"about":[{"href":"https:\/\/www.sincomam.org.br\/index.php\/wp-json\/wp\/v2\/types\/post"}],"author":[{"embeddable":true,"href":"https:\/\/www.sincomam.org.br\/index.php\/wp-json\/wp\/v2\/users\/1182"}],"replies":[{"embeddable":true,"href":"https:\/\/www.sincomam.org.br\/index.php\/wp-json\/wp\/v2\/comments?post=34101"}],"version-history":[{"count":1,"href":"https:\/\/www.sincomam.org.br\/index.php\/wp-json\/wp\/v2\/posts\/34101\/revisions"}],"predecessor-version":[{"id":34102,"href":"https:\/\/www.sincomam.org.br\/index.php\/wp-json\/wp\/v2\/posts\/34101\/revisions\/34102"}],"wp:featuredmedia":[{"embeddable":true,"href":"https:\/\/www.sincomam.org.br\/index.php\/wp-json\/wp\/v2\/media\/6769"}],"wp:attachment":[{"href":"https:\/\/www.sincomam.org.br\/index.php\/wp-json\/wp\/v2\/media?parent=34101"}],"wp:term":[{"taxonomy":"category","embeddable":true,"href":"https:\/\/www.sincomam.org.br\/index.php\/wp-json\/wp\/v2\/categories?post=34101"},{"taxonomy":"post_tag","embeddable":true,"href":"https:\/\/www.sincomam.org.br\/index.php\/wp-json\/wp\/v2\/tags?post=34101"}],"curies":[{"name":"wp","href":"https:\/\/api.w.org\/{rel}","templated":true}]}}