{"id":34076,"date":"2021-03-01T11:41:57","date_gmt":"2021-03-01T14:41:57","guid":{"rendered":"http:\/\/www.sincomam.org.br\/?p=34076"},"modified":"2021-03-01T11:41:57","modified_gmt":"2021-03-01T14:41:57","slug":"reforma-trabalhista-demissao-por-acordo-sofre-mudancas","status":"publish","type":"post","link":"https:\/\/www.sincomam.org.br\/index.php\/reforma-trabalhista-demissao-por-acordo-sofre-mudancas\/","title":{"rendered":"Reforma Trabalhista: Demiss\u00e3o por acordo sofre mudan\u00e7as"},"content":{"rendered":"<p><strong><em>Essa modalidade de demiss\u00e3o acontece quando o funcion\u00e1rio e a empresa decidem juntos pelo fim do contrato de trabalho<\/em><\/strong><\/p>\n<p>A demiss\u00e3o por comum acordo, que tamb\u00e9m \u00e9 conhecida como demiss\u00e3o consensual, trata-se do acordo realizado entre o empregador e o colaborador para o desligamento do funcion\u00e1rio, para que o processo seja feito de maneira mais aut\u00f4noma e flex\u00edvel.<\/p>\n<p>Antes da Reforma Trabalhista firmada em 2017, esse tipo de demiss\u00e3o acontecia de maneira ilegal nas organiza\u00e7\u00f5es, pois n\u00e3o havia regulamenta\u00e7\u00e3o.<\/p>\n<p>Com as novas regras trazidas pela reforma, a demiss\u00e3o por comum acordo sofreu uma s\u00e9rie de mudan\u00e7as e passou a integrar a Consolida\u00e7\u00e3o das Leis Trabalhistas, mas de maneira diferente do que costumava acontecer.<\/p>\n<p>Agora, esse tipo de demiss\u00e3o deve ser feita de acordo com as regras estabelecidas na Reforma Trabalhista e s\u00f3 poder\u00e1 acontecer se estiver dentro das novas normas.<\/p>\n<p>Como esse tipo de demiss\u00e3o \u00e9 um assunto importante da lei trabalhista, os respons\u00e1veis pelo departamento de Recursos Humanos precisam ter conhecimento a respeito da nova legisla\u00e7\u00e3o, para evitar problemas judiciais.<\/p>\n<p>Ainda continuam existindo as outras formas de rescis\u00e3o contratual, com as mesmas regras de sempre: demiss\u00e3o sem justa causa, com justa causa e demiss\u00e3o a pedido do empregado.<\/p>\n<p>O que mudou foi o texto legal que regulamenta a demiss\u00e3o por acordo.<\/p>\n<p>Agora, a demiss\u00e3o por acordo deve acontecer com base em algumas normas que foram adicionadas \u00e0 Consolida\u00e7\u00e3o das Leis do Trabalho para que a negocia\u00e7\u00e3o entre o colaborador e a empresa n\u00e3o seja considerada ilegal e gere problemas na Justi\u00e7a do Trabalho.<\/p>\n<div id=\"jorna-600372514\" class=\"jorna-amp-8\"><a href=\"https:\/\/www.sincomam.org.br\/wp-content\/uploads\/2021\/03\/demissao_acordo.jpg\" target=\"_blank\" rel=\"noopener noreferrer\"><img fetchpriority=\"high\" decoding=\"async\" class=\"alignleft wp-image-34077 size-full\" src=\"https:\/\/www.sincomam.org.br\/wp-content\/uploads\/2021\/03\/demissao_acordo.jpg\" alt=\"\" width=\"945\" height=\"530\" srcset=\"https:\/\/www.sincomam.org.br\/wp-content\/uploads\/2021\/03\/demissao_acordo.jpg 945w, https:\/\/www.sincomam.org.br\/wp-content\/uploads\/2021\/03\/demissao_acordo-300x168.jpg 300w, https:\/\/www.sincomam.org.br\/wp-content\/uploads\/2021\/03\/demissao_acordo-768x431.jpg 768w\" sizes=\"(max-width: 945px) 100vw, 945px\" \/><\/a><\/div>\n<p>Al\u00e9m dos valores firmados, a Reforma Trabalhista determinou, no par\u00e1grafo 6\u00b0 do artigo 477 da CLT, que as verbas rescis\u00f3rias devem ser pagas pela empresa em at\u00e9 10 dias corridos ap\u00f3s a rescis\u00e3o contratual (excluindo o primeiro dia e incluindo o dia de vencimento).<\/p>\n<p>Fonte: Jornal Cont\u00e1bil\/ Infogr\u00e1fico Senado Federal<\/p>\n","protected":false},"excerpt":{"rendered":"<p>Essa modalidade de demiss\u00e3o acontece quando o funcion\u00e1rio e a empresa decidem juntos pelo fim do contrato de trabalho A demiss\u00e3o por comum acordo, que&#8230;<\/p>\n","protected":false},"author":1182,"featured_media":29560,"comment_status":"closed","ping_status":"closed","sticky":false,"template":"","format":"standard","meta":{"footnotes":""},"categories":[6],"tags":[1086,562,188,4373],"class_list":["post-34076","post","type-post","status-publish","format-standard","has-post-thumbnail","hentry","category-noticias","tag-acordo","tag-mudanca","tag-reforma","tag-trabalhista"],"_links":{"self":[{"href":"https:\/\/www.sincomam.org.br\/index.php\/wp-json\/wp\/v2\/posts\/34076","targetHints":{"allow":["GET"]}}],"collection":[{"href":"https:\/\/www.sincomam.org.br\/index.php\/wp-json\/wp\/v2\/posts"}],"about":[{"href":"https:\/\/www.sincomam.org.br\/index.php\/wp-json\/wp\/v2\/types\/post"}],"author":[{"embeddable":true,"href":"https:\/\/www.sincomam.org.br\/index.php\/wp-json\/wp\/v2\/users\/1182"}],"replies":[{"embeddable":true,"href":"https:\/\/www.sincomam.org.br\/index.php\/wp-json\/wp\/v2\/comments?post=34076"}],"version-history":[{"count":1,"href":"https:\/\/www.sincomam.org.br\/index.php\/wp-json\/wp\/v2\/posts\/34076\/revisions"}],"predecessor-version":[{"id":34078,"href":"https:\/\/www.sincomam.org.br\/index.php\/wp-json\/wp\/v2\/posts\/34076\/revisions\/34078"}],"wp:featuredmedia":[{"embeddable":true,"href":"https:\/\/www.sincomam.org.br\/index.php\/wp-json\/wp\/v2\/media\/29560"}],"wp:attachment":[{"href":"https:\/\/www.sincomam.org.br\/index.php\/wp-json\/wp\/v2\/media?parent=34076"}],"wp:term":[{"taxonomy":"category","embeddable":true,"href":"https:\/\/www.sincomam.org.br\/index.php\/wp-json\/wp\/v2\/categories?post=34076"},{"taxonomy":"post_tag","embeddable":true,"href":"https:\/\/www.sincomam.org.br\/index.php\/wp-json\/wp\/v2\/tags?post=34076"}],"curies":[{"name":"wp","href":"https:\/\/api.w.org\/{rel}","templated":true}]}}