{"id":34069,"date":"2021-03-01T10:52:17","date_gmt":"2021-03-01T13:52:17","guid":{"rendered":"http:\/\/www.sincomam.org.br\/?p=34069"},"modified":"2021-03-01T10:52:17","modified_gmt":"2021-03-01T13:52:17","slug":"tribunal-maritimo-participa-de-1o-congresso-internacional-de-direito-maritimo-portuario-e-aduaneiro-em-angola","status":"publish","type":"post","link":"https:\/\/www.sincomam.org.br\/index.php\/tribunal-maritimo-participa-de-1o-congresso-internacional-de-direito-maritimo-portuario-e-aduaneiro-em-angola\/","title":{"rendered":"Tribunal Mar\u00edtimo participa de 1\u00ba Congresso Internacional de Direito Mar\u00edtimo, Portu\u00e1rio e Aduaneiro, em Angola"},"content":{"rendered":"<p><strong><em>Presidente do Tribunal Mar\u00edtimo palestrou durante o evento<\/em><\/strong><\/p>\n<p>O Tribunal Mar\u00edtimo (TM) participou, nos dias 25 e 26 de fevereiro, do 1\u00ba Congresso Internacional de Direito Mar\u00edtimo, Portu\u00e1rio e Aduaneiro. O evento foi realizado por videoconfer\u00eancia e foi organizado pela Associa\u00e7\u00e3o Angolana especializada de Direito Mar\u00edtimo (AAEDM), com a participa\u00e7\u00e3o de diversos pa\u00edses da CPLP, entre eles Angola, Brasil, Cabo Verde e Portugal. Assuntos como a Conven\u00e7\u00e3o de Honk Kong, a Conven\u00e7\u00e3o de Basil\u00e9ia e a de Nairobi foram temas de discuss\u00e3o.<\/p>\n<p>O Presidente do Tribunal Mar\u00edtimo, Vice-Almirante Wilson Pereira de Lima Filho, palestrou no dia 25 sobre \u201cO Tribunal Mar\u00edtimo Brasileiro e o seu Papel na Seguran\u00e7a da Navega\u00e7\u00e3o\u201d. J\u00e1 no dia 26, o Vice-Presidente do TM, Juiz Nelson C. S. Filho ministrou sobre o tema \u201cProcedimentos de Arresto de navios no Brasil\u201d. O advogado maritimista Doutor Bernardo Mendes Vianna tamb\u00e9m apresentou no evento sobre \u201cAtualidades no Cen\u00e1rio Mar\u00edtimo \/Offshore Brasileiro\u201d.<\/p>\n<p>*Com informa\u00e7\u00f5es da Marinha do Brasil<\/p>\n","protected":false},"excerpt":{"rendered":"<p>Presidente do Tribunal Mar\u00edtimo palestrou durante o evento O Tribunal Mar\u00edtimo (TM) participou, nos dias 25 e 26 de fevereiro, do 1\u00ba Congresso Internacional de&#8230;<\/p>\n","protected":false},"author":1182,"featured_media":34070,"comment_status":"closed","ping_status":"closed","sticky":false,"template":"","format":"standard","meta":{"footnotes":""},"categories":[6],"tags":[2402,844,483,922,69,4372],"class_list":["post-34069","post","type-post","status-publish","format-standard","has-post-thumbnail","hentry","category-noticias","tag-angola","tag-congresso","tag-direito","tag-evento","tag-portos","tag-tribunal-maritimo"],"_links":{"self":[{"href":"https:\/\/www.sincomam.org.br\/index.php\/wp-json\/wp\/v2\/posts\/34069","targetHints":{"allow":["GET"]}}],"collection":[{"href":"https:\/\/www.sincomam.org.br\/index.php\/wp-json\/wp\/v2\/posts"}],"about":[{"href":"https:\/\/www.sincomam.org.br\/index.php\/wp-json\/wp\/v2\/types\/post"}],"author":[{"embeddable":true,"href":"https:\/\/www.sincomam.org.br\/index.php\/wp-json\/wp\/v2\/users\/1182"}],"replies":[{"embeddable":true,"href":"https:\/\/www.sincomam.org.br\/index.php\/wp-json\/wp\/v2\/comments?post=34069"}],"version-history":[{"count":1,"href":"https:\/\/www.sincomam.org.br\/index.php\/wp-json\/wp\/v2\/posts\/34069\/revisions"}],"predecessor-version":[{"id":34071,"href":"https:\/\/www.sincomam.org.br\/index.php\/wp-json\/wp\/v2\/posts\/34069\/revisions\/34071"}],"wp:featuredmedia":[{"embeddable":true,"href":"https:\/\/www.sincomam.org.br\/index.php\/wp-json\/wp\/v2\/media\/34070"}],"wp:attachment":[{"href":"https:\/\/www.sincomam.org.br\/index.php\/wp-json\/wp\/v2\/media?parent=34069"}],"wp:term":[{"taxonomy":"category","embeddable":true,"href":"https:\/\/www.sincomam.org.br\/index.php\/wp-json\/wp\/v2\/categories?post=34069"},{"taxonomy":"post_tag","embeddable":true,"href":"https:\/\/www.sincomam.org.br\/index.php\/wp-json\/wp\/v2\/tags?post=34069"}],"curies":[{"name":"wp","href":"https:\/\/api.w.org\/{rel}","templated":true}]}}