{"id":34058,"date":"2021-03-01T10:37:58","date_gmt":"2021-03-01T13:37:58","guid":{"rendered":"http:\/\/www.sincomam.org.br\/?p=34058"},"modified":"2021-03-01T11:15:52","modified_gmt":"2021-03-01T14:15:52","slug":"petrobras-anuncia-nova-alta-nos-precos-da-gasolina-diesel-e-gas","status":"publish","type":"post","link":"https:\/\/www.sincomam.org.br\/index.php\/petrobras-anuncia-nova-alta-nos-precos-da-gasolina-diesel-e-gas\/","title":{"rendered":"Nova alta nos pre\u00e7os da gasolina, diesel e g\u00e1s, entra em vigor amanh\u00e3"},"content":{"rendered":"<p><strong><em>Petrobras anuncia novo reajuste nas refinarias, que deve impactar no bolso do consumido final<\/em><\/strong><\/p>\n<p>A Petrobras anunciou hoje (1\u00ba) um novo aumento nos pre\u00e7os da gasolina, do \u00f3leo diesel e do g\u00e1s de botij\u00e3o vendidos nas refinarias. A partir de amanh\u00e3 (2), a gasolina ficar\u00e1 4,8% mais cara, ou seja, R$ 0,12 por litro. Com isso, o combust\u00edvel ser\u00e1 vendido \u00e0s distribuidoras por R$ 2,60 por litro.<\/p>\n<p>O \u00f3leo diesel ter\u00e1 um aumento de 5%: R$ 0,13 por litro. Com o reajuste, o pre\u00e7o para as distribuidoras passar\u00e1 a ser de R$ 2,71 por litro a partir de amanh\u00e3.<\/p>\n<p>J\u00e1 o g\u00e1s liquefeito de petr\u00f3leo (GLP), conhecido como g\u00e1s de botij\u00e3o ou g\u00e1s de cozinha, ficar\u00e1 5,2% mais caro tamb\u00e9m a partir de amanh\u00e3. O pre\u00e7o para as distribuidoras ser\u00e1 de R$ 3,05 por quilo (R$ 0,15 mais caro), ou seja R$ 36,69 por 13 kg (ou R$ 1,90 mais caro).<\/p>\n<p>Segundo a Petrobras, seus pre\u00e7os s\u00e3o baseados no valor do produto no mercado internacional e na taxa de c\u00e2mbio.<\/p>\n<p><em>\u201cImportante ressaltar tamb\u00e9m que os valores praticados nas refinarias pela Petrobras s\u00e3o diferentes dos percebidos pelo consumidor final no varejo. At\u00e9 chegar ao consumidor s\u00e3o acrescidos tributos federais e estaduais, custos para aquisi\u00e7\u00e3o e mistura obrigat\u00f3ria de biocombust\u00edveis pelas distribuidoras, no caso da gasolina e do diesel, al\u00e9m dos custos e margens das companhias distribuidoras e dos revendedores de combust\u00edveis\u201d, destaca nota divulgada pela empresa.<\/em><\/p>\n<p>Fonte: Ag\u00eancia Brasil<\/p>\n","protected":false},"excerpt":{"rendered":"<p>Petrobras anuncia novo reajuste nas refinarias, que deve impactar no bolso do consumido final A Petrobras anunciou hoje (1\u00ba) um novo aumento nos pre\u00e7os da&#8230;<\/p>\n","protected":false},"author":1182,"featured_media":4688,"comment_status":"closed","ping_status":"closed","sticky":false,"template":"","format":"standard","meta":{"footnotes":""},"categories":[6],"tags":[4300,3041,57,765,58,406,392,108],"class_list":["post-34058","post","type-post","status-publish","format-standard","has-post-thumbnail","hentry","category-noticias","tag-alta","tag-dieesel","tag-gas","tag-gasolina","tag-petrobras","tag-precos","tag-reajuste","tag-refinaria"],"_links":{"self":[{"href":"https:\/\/www.sincomam.org.br\/index.php\/wp-json\/wp\/v2\/posts\/34058","targetHints":{"allow":["GET"]}}],"collection":[{"href":"https:\/\/www.sincomam.org.br\/index.php\/wp-json\/wp\/v2\/posts"}],"about":[{"href":"https:\/\/www.sincomam.org.br\/index.php\/wp-json\/wp\/v2\/types\/post"}],"author":[{"embeddable":true,"href":"https:\/\/www.sincomam.org.br\/index.php\/wp-json\/wp\/v2\/users\/1182"}],"replies":[{"embeddable":true,"href":"https:\/\/www.sincomam.org.br\/index.php\/wp-json\/wp\/v2\/comments?post=34058"}],"version-history":[{"count":3,"href":"https:\/\/www.sincomam.org.br\/index.php\/wp-json\/wp\/v2\/posts\/34058\/revisions"}],"predecessor-version":[{"id":34074,"href":"https:\/\/www.sincomam.org.br\/index.php\/wp-json\/wp\/v2\/posts\/34058\/revisions\/34074"}],"wp:featuredmedia":[{"embeddable":true,"href":"https:\/\/www.sincomam.org.br\/index.php\/wp-json\/wp\/v2\/media\/4688"}],"wp:attachment":[{"href":"https:\/\/www.sincomam.org.br\/index.php\/wp-json\/wp\/v2\/media?parent=34058"}],"wp:term":[{"taxonomy":"category","embeddable":true,"href":"https:\/\/www.sincomam.org.br\/index.php\/wp-json\/wp\/v2\/categories?post=34058"},{"taxonomy":"post_tag","embeddable":true,"href":"https:\/\/www.sincomam.org.br\/index.php\/wp-json\/wp\/v2\/tags?post=34058"}],"curies":[{"name":"wp","href":"https:\/\/api.w.org\/{rel}","templated":true}]}}