{"id":34054,"date":"2021-03-01T10:24:26","date_gmt":"2021-03-01T13:24:26","guid":{"rendered":"http:\/\/www.sincomam.org.br\/?p=34054"},"modified":"2021-03-01T10:24:26","modified_gmt":"2021-03-01T13:24:26","slug":"rio-de-janeiro-comemora-456-anos","status":"publish","type":"post","link":"https:\/\/www.sincomam.org.br\/index.php\/rio-de-janeiro-comemora-456-anos\/","title":{"rendered":"Rio de Janeiro comemora 456 anos"},"content":{"rendered":"<p><strong><em>Data \u00e9 celebrada com<\/em><\/strong> <strong><em>exposi\u00e7\u00e3o de fotos e an\u00fancio da celebra\u00e7\u00e3o dos 90 anos do Cristo<\/em><\/strong><\/p>\n<p>O Rio de Janeiro comemora nesta segunda-feira (1) seus 456 anos de exist\u00eancia. Para marcar a data, a Prefeitura do Rio informou que ser\u00e1 realizada uma exposi\u00e7\u00e3o de fotografias nos postos de salvamento da orla, e entrega, no Pal\u00e1cio da Cidade, da medalha e diploma a 18 homenageados com a Ordem do M\u00e9rito Cultural Carioca 2020. No Santu\u00e1rio Cristo Redentor ser\u00e1 apresentado o calend\u00e1rio da celebra\u00e7\u00e3o dos 90 anos do monumento, que acontece em outubro.<\/p>\n<p>A Riotur vai expor 48 fotografias do Rio Antigo nos 24 postos da orla, do Leme ao Recreio. A curadoria \u00e9 do Instituto Moreira Salles, que cedeu as imagens de mestres como Marc Ferrez e Augusto Malta.<\/p>\n<p>Tamb\u00e9m est\u00e3o programadas celebra\u00e7\u00f5es tem\u00e1ticas para pa\u00edses como Portugal e It\u00e1lia, al\u00e9m de quermesses.<\/p>\n<p>Nesta segunda, a Cidade Maravilhosa tamb\u00e9m celebra o Dia Mundial do Ecoturismo. A Prefeitura anunciou a reabertura da trilha e a restaura\u00e7\u00e3o do Mirante do Caet\u00e9, no Parque Natural Municipal da Prainha, Zona Oeste do Rio. A trilha, com cerca de um quil\u00f4metro de extens\u00e3o, estava fechada h\u00e1 dois anos.<\/p>\n<p>O anivers\u00e1rio do Rio de Janeiro est\u00e1 sendo comemorado de forma restritiva, sem grandes badala\u00e7\u00f5es, em virtude da pandemia de Covid-19.<\/p>\n<p>*Com informa\u00e7\u00f5es da Prefeitura do Rio<\/p>\n","protected":false},"excerpt":{"rendered":"<p>Data \u00e9 celebrada com exposi\u00e7\u00e3o de fotos e an\u00fancio da celebra\u00e7\u00e3o dos 90 anos do Cristo O Rio de Janeiro comemora nesta segunda-feira (1) seus&#8230;<\/p>\n","protected":false},"author":1182,"featured_media":4861,"comment_status":"closed","ping_status":"closed","sticky":false,"template":"","format":"standard","meta":{"footnotes":""},"categories":[6],"tags":[4371,20,59],"class_list":["post-34054","post","type-post","status-publish","format-standard","has-post-thumbnail","hentry","category-noticias","tag-456-anos","tag-comemoracao","tag-rio-de-janeiro"],"_links":{"self":[{"href":"https:\/\/www.sincomam.org.br\/index.php\/wp-json\/wp\/v2\/posts\/34054","targetHints":{"allow":["GET"]}}],"collection":[{"href":"https:\/\/www.sincomam.org.br\/index.php\/wp-json\/wp\/v2\/posts"}],"about":[{"href":"https:\/\/www.sincomam.org.br\/index.php\/wp-json\/wp\/v2\/types\/post"}],"author":[{"embeddable":true,"href":"https:\/\/www.sincomam.org.br\/index.php\/wp-json\/wp\/v2\/users\/1182"}],"replies":[{"embeddable":true,"href":"https:\/\/www.sincomam.org.br\/index.php\/wp-json\/wp\/v2\/comments?post=34054"}],"version-history":[{"count":1,"href":"https:\/\/www.sincomam.org.br\/index.php\/wp-json\/wp\/v2\/posts\/34054\/revisions"}],"predecessor-version":[{"id":34055,"href":"https:\/\/www.sincomam.org.br\/index.php\/wp-json\/wp\/v2\/posts\/34054\/revisions\/34055"}],"wp:featuredmedia":[{"embeddable":true,"href":"https:\/\/www.sincomam.org.br\/index.php\/wp-json\/wp\/v2\/media\/4861"}],"wp:attachment":[{"href":"https:\/\/www.sincomam.org.br\/index.php\/wp-json\/wp\/v2\/media?parent=34054"}],"wp:term":[{"taxonomy":"category","embeddable":true,"href":"https:\/\/www.sincomam.org.br\/index.php\/wp-json\/wp\/v2\/categories?post=34054"},{"taxonomy":"post_tag","embeddable":true,"href":"https:\/\/www.sincomam.org.br\/index.php\/wp-json\/wp\/v2\/tags?post=34054"}],"curies":[{"name":"wp","href":"https:\/\/api.w.org\/{rel}","templated":true}]}}