{"id":34050,"date":"2021-02-26T13:25:23","date_gmt":"2021-02-26T16:25:23","guid":{"rendered":"http:\/\/www.sincomam.org.br\/?p=34050"},"modified":"2021-02-26T13:25:23","modified_gmt":"2021-02-26T16:25:23","slug":"brasil-bate-recorde-de-mortes-por-covid-19-registradas-nas-ultimas-24-horas-1-582","status":"publish","type":"post","link":"https:\/\/www.sincomam.org.br\/index.php\/brasil-bate-recorde-de-mortes-por-covid-19-registradas-nas-ultimas-24-horas-1-582\/","title":{"rendered":"Brasil bate recorde de mortes por Covid-19 registradas nas \u00faltimas 24 horas: 1.582"},"content":{"rendered":"<p><strong><em>Pa\u00eds contabilizou 10.393.886 casos e 251.661 \u00f3bitos por Covid-19 desde o in\u00edcio da pandemia, segundo balan\u00e7o do cons\u00f3rcio de ve\u00edculos de imprensa<\/em><\/strong><\/p>\n<p>O cons\u00f3rcio de ve\u00edculos de imprensa divulgou novo levantamento da situa\u00e7\u00e3o da pandemia de coronav\u00edrus no Brasil a partir de dados das secretarias estaduais de Sa\u00fade, consolidados \u00e0s 20h desta quinta-feira (25).<\/p>\n<p>O pa\u00eds registrou 1.582 mortes pela Covid-19 nas \u00faltimas 24 horas, a maior marca anotada at\u00e9 aqui, chegando ao total de 251.661 \u00f3bitos desde o come\u00e7o da pandemia. Com isso, a m\u00e9dia m\u00f3vel de mortes no Brasil nos \u00faltimos 7 dias foi de 1.150. \u00c9 o segundo recorde seguido registrado nessa m\u00e9dia. A varia\u00e7\u00e3o foi de +8% em compara\u00e7\u00e3o \u00e0 m\u00e9dia de 14 dias atr\u00e1s, indicando tend\u00eancia de estabilidade nos \u00f3bitos pela doen\u00e7a.<\/p>\n<p>O recorde anterior de n\u00famero de mortes em 24 horas foi registrado em 29 de julho do ano passado, quando chegou a 1.554. Na ocasi\u00e3o, o n\u00famero foi puxado por ac\u00famulo devido \u00e0 n\u00e3o divulga\u00e7\u00e3o de dados de SP e PA na v\u00e9spera &#8212; diferente do boletim desta quinta. Quanto \u00e0 m\u00e9dia m\u00f3vel de \u00f3bitos, seis das sete maiores marcas foram registradas nas \u00faltimas duas semanas.<\/p>\n<p>Em casos confirmados, desde o come\u00e7o da pandemia 10.393.886 brasileiros j\u00e1 tiveram ou t\u00eam o novo coronav\u00edrus, com 67.878 desses confirmados no \u00faltimo dia. A m\u00e9dia m\u00f3vel nos \u00faltimos 7 dias foi de 52.177 novos diagn\u00f3sticos por dia. Isso representa uma varia\u00e7\u00e3o de +15% em rela\u00e7\u00e3o aos casos registrados em duas semanas, o que indica tend\u00eancia de estabilidade tamb\u00e9m nos diagn\u00f3sticos.<\/p>\n<p>A m\u00e9dia de casos voltou a ficar acima da marca de 50 mil por dia ap\u00f3s pouco mais de tr\u00eas semanas, e a tend\u00eancia est\u00e1 no limite da estabilidade; acima de 15% configura alta.<\/p>\n<p>Doze estados est\u00e3o com alta nas mortes: PR, RS, SC, RJ, AC, PA, BA, CE, MA, PB, PI e RN.<\/p>\n<p><strong>Vacina\u00e7\u00e3o<\/strong><\/p>\n<p>O Balan\u00e7o da vacina\u00e7\u00e3o contra Covid-19 desta quinta-feira (25) aponta que 6.338.137 de pessoas j\u00e1 receberam a primeira dose de vacina contra a Covid-19, segundo dados divulgados at\u00e9 as 20h. O n\u00famero representa 2,99% da popula\u00e7\u00e3o brasileira.<\/p>\n<p>A segunda dose j\u00e1 foi aplicada em 1.750.781 pessoas (0,83% da popula\u00e7\u00e3o do pa\u00eds) em todos os estados e no Distrito Federal. No total, 8.088.918 doses foram aplicadas em todo o pa\u00eds.<\/p>\n<p>Fonte: G1<\/p>\n","protected":false},"excerpt":{"rendered":"<p>Pa\u00eds contabilizou 10.393.886 casos e 251.661 \u00f3bitos por Covid-19 desde o in\u00edcio da pandemia, segundo balan\u00e7o do cons\u00f3rcio de ve\u00edculos de imprensa O cons\u00f3rcio de&#8230;<\/p>\n","protected":false},"author":1182,"featured_media":28629,"comment_status":"closed","ping_status":"closed","sticky":false,"template":"","format":"standard","meta":{"footnotes":""},"categories":[6],"tags":[61,3339,2752,2751,3276,2988,1756,2755,674],"class_list":["post-34050","post","type-post","status-publish","format-standard","has-post-thumbnail","hentry","category-noticias","tag-brasil","tag-coronavac","tag-coronavirus","tag-covid-19","tag-fiocruz","tag-infectado","tag-morte","tag-pandemia","tag-vacina"],"_links":{"self":[{"href":"https:\/\/www.sincomam.org.br\/index.php\/wp-json\/wp\/v2\/posts\/34050","targetHints":{"allow":["GET"]}}],"collection":[{"href":"https:\/\/www.sincomam.org.br\/index.php\/wp-json\/wp\/v2\/posts"}],"about":[{"href":"https:\/\/www.sincomam.org.br\/index.php\/wp-json\/wp\/v2\/types\/post"}],"author":[{"embeddable":true,"href":"https:\/\/www.sincomam.org.br\/index.php\/wp-json\/wp\/v2\/users\/1182"}],"replies":[{"embeddable":true,"href":"https:\/\/www.sincomam.org.br\/index.php\/wp-json\/wp\/v2\/comments?post=34050"}],"version-history":[{"count":1,"href":"https:\/\/www.sincomam.org.br\/index.php\/wp-json\/wp\/v2\/posts\/34050\/revisions"}],"predecessor-version":[{"id":34051,"href":"https:\/\/www.sincomam.org.br\/index.php\/wp-json\/wp\/v2\/posts\/34050\/revisions\/34051"}],"wp:featuredmedia":[{"embeddable":true,"href":"https:\/\/www.sincomam.org.br\/index.php\/wp-json\/wp\/v2\/media\/28629"}],"wp:attachment":[{"href":"https:\/\/www.sincomam.org.br\/index.php\/wp-json\/wp\/v2\/media?parent=34050"}],"wp:term":[{"taxonomy":"category","embeddable":true,"href":"https:\/\/www.sincomam.org.br\/index.php\/wp-json\/wp\/v2\/categories?post=34050"},{"taxonomy":"post_tag","embeddable":true,"href":"https:\/\/www.sincomam.org.br\/index.php\/wp-json\/wp\/v2\/tags?post=34050"}],"curies":[{"name":"wp","href":"https:\/\/api.w.org\/{rel}","templated":true}]}}