{"id":34046,"date":"2021-02-26T13:15:28","date_gmt":"2021-02-26T16:15:28","guid":{"rendered":"http:\/\/www.sincomam.org.br\/?p=34046"},"modified":"2021-02-26T13:15:28","modified_gmt":"2021-02-26T16:15:28","slug":"inss-divulga-calendario-de-retomada-da-prova-de-vida","status":"publish","type":"post","link":"https:\/\/www.sincomam.org.br\/index.php\/inss-divulga-calendario-de-retomada-da-prova-de-vida\/","title":{"rendered":"INSS divulga calend\u00e1rio de retomada da prova de vida"},"content":{"rendered":"<p><strong><em>Suspens\u00e3o do procedimento por mais 60 dias foi anunciada no dia 23<\/em><\/strong><\/p>\n<p>O Instituto Nacional do Seguro Social (INSS) publicou hoje (26) no Di\u00e1rio Oficial da Uni\u00e3o (DOU) a portaria que suspende at\u00e9 abril a obrigatoriedade de aposentados e pensionistas fazerem a prova de vida, com o calend\u00e1rio de retomada do procedimento.<\/p>\n<p>A medida de suspens\u00e3o da obrigatoriedade j\u00e1 havia sido anunciada pelo presidente do \u00f3rg\u00e3o, Leonardo Rolim, na ter\u00e7a-feira (23).<\/p>\n<p>O procedimento deve ser feito a cada ano para que o pagamento do benef\u00edcio do INSS n\u00e3o seja bloqueado. Desde mar\u00e7o de 2020, entretanto, os bloqueios foram suspensos em decorr\u00eancia da pandemia de covid-19, que prejudicou a realiza\u00e7\u00e3o da prova de vida de modo presencial.<\/p>\n<p>A suspens\u00e3o da obrigatoriedade da prova de vida vem sendo postergada sucessivas vezes. Desde agosto, o governo tem investido em um projeto piloto para que o procedimento possa ser feito de modo remoto, pelo celular. Uma nova etapa do projeto, lan\u00e7ada na ter\u00e7a (23), disponibilizou o servi\u00e7o digital para mais de 5 milh\u00f5es de benefici\u00e1rios do INSS.<\/p>\n<p>Segundo dados apresentados por Rolim, a suspens\u00e3o da obrigatoriedade levou 5,3 milh\u00f5es de aposentados e pensionistas a n\u00e3o realizarem o procedimento. Esses benefici\u00e1rios precisam agora regularizar a situa\u00e7\u00e3o. Pela portaria publicada nesta sexta (26), os bloqueios de benef\u00edcio para quem n\u00e3o fez a prova de vida no ano passado voltar\u00e3o a ocorrer a partir de maio, de forma escalonada.<\/p>\n<p>De acordo com a nova portaria, por exemplo, quem deveria ter feito a prova de vida at\u00e9 abril de 2020 e n\u00e3o realizou o procedimento, poder\u00e1 ter o pagamento de seu benef\u00edcio bloqueado a partir de maio deste ano, caso n\u00e3o se regularize at\u00e9 l\u00e1.<\/p>\n<p>Confira abaixo o cronograma de bloqueio do pagamento de benef\u00edcios do INSS para os aposentados e pensionistas que n\u00e3o realizaram a prova de vida:<\/p>\n<p><a href=\"https:\/\/www.sincomam.org.br\/wp-content\/uploads\/2021\/02\/infografico_Ministerio_Economia.jpeg\" target=\"_blank\" rel=\"noopener noreferrer\"><img fetchpriority=\"high\" decoding=\"async\" class=\"aligncenter wp-image-34047 size-full\" src=\"https:\/\/www.sincomam.org.br\/wp-content\/uploads\/2021\/02\/infografico_Ministerio_Economia.jpeg\" alt=\"\" width=\"754\" height=\"502\" srcset=\"https:\/\/www.sincomam.org.br\/wp-content\/uploads\/2021\/02\/infografico_Ministerio_Economia.jpeg 754w, https:\/\/www.sincomam.org.br\/wp-content\/uploads\/2021\/02\/infografico_Ministerio_Economia-300x200.jpeg 300w\" sizes=\"(max-width: 754px) 100vw, 754px\" \/><\/a><em>Infogr\u00e1fico reproduzido Minist\u00e9rio da Economia<\/em><\/p>\n<p>Fonte: Ag\u00eancia Brasil<\/p>\n","protected":false},"excerpt":{"rendered":"<p>Suspens\u00e3o do procedimento por mais 60 dias foi anunciada no dia 23 O Instituto Nacional do Seguro Social (INSS) publicou hoje (26) no Di\u00e1rio Oficial&#8230;<\/p>\n","protected":false},"author":1182,"featured_media":29325,"comment_status":"closed","ping_status":"closed","sticky":false,"template":"","format":"standard","meta":{"footnotes":""},"categories":[6],"tags":[4365,2817,1839,2820,3779,1575],"class_list":["post-34046","post","type-post","status-publish","format-standard","has-post-thumbnail","hentry","category-noticias","tag-aposentado","tag-calendario","tag-inss","tag-prova","tag-segurado","tag-vida"],"_links":{"self":[{"href":"https:\/\/www.sincomam.org.br\/index.php\/wp-json\/wp\/v2\/posts\/34046","targetHints":{"allow":["GET"]}}],"collection":[{"href":"https:\/\/www.sincomam.org.br\/index.php\/wp-json\/wp\/v2\/posts"}],"about":[{"href":"https:\/\/www.sincomam.org.br\/index.php\/wp-json\/wp\/v2\/types\/post"}],"author":[{"embeddable":true,"href":"https:\/\/www.sincomam.org.br\/index.php\/wp-json\/wp\/v2\/users\/1182"}],"replies":[{"embeddable":true,"href":"https:\/\/www.sincomam.org.br\/index.php\/wp-json\/wp\/v2\/comments?post=34046"}],"version-history":[{"count":1,"href":"https:\/\/www.sincomam.org.br\/index.php\/wp-json\/wp\/v2\/posts\/34046\/revisions"}],"predecessor-version":[{"id":34048,"href":"https:\/\/www.sincomam.org.br\/index.php\/wp-json\/wp\/v2\/posts\/34046\/revisions\/34048"}],"wp:featuredmedia":[{"embeddable":true,"href":"https:\/\/www.sincomam.org.br\/index.php\/wp-json\/wp\/v2\/media\/29325"}],"wp:attachment":[{"href":"https:\/\/www.sincomam.org.br\/index.php\/wp-json\/wp\/v2\/media?parent=34046"}],"wp:term":[{"taxonomy":"category","embeddable":true,"href":"https:\/\/www.sincomam.org.br\/index.php\/wp-json\/wp\/v2\/categories?post=34046"},{"taxonomy":"post_tag","embeddable":true,"href":"https:\/\/www.sincomam.org.br\/index.php\/wp-json\/wp\/v2\/tags?post=34046"}],"curies":[{"name":"wp","href":"https:\/\/api.w.org\/{rel}","templated":true}]}}