{"id":34040,"date":"2021-02-26T10:29:57","date_gmt":"2021-02-26T13:29:57","guid":{"rendered":"http:\/\/www.sincomam.org.br\/?p=34040"},"modified":"2021-02-26T10:33:12","modified_gmt":"2021-02-26T13:33:12","slug":"desemprego-cai-para-139-no-4o-trimestre-mas-taxa-media-em-2020-e-a-maior-ja-registrada-pelo-ibge","status":"publish","type":"post","link":"https:\/\/www.sincomam.org.br\/index.php\/desemprego-cai-para-139-no-4o-trimestre-mas-taxa-media-em-2020-e-a-maior-ja-registrada-pelo-ibge\/","title":{"rendered":"Com a pandemia, desemprego no Brasil atinge maior taxa j\u00e1 registrada pelo IBGE"},"content":{"rendered":"<p><strong><em>Taxa m\u00e9dia de desocupa\u00e7\u00e3o em 2020 foi de 13,5%, a maior da s\u00e9rie iniciada em 2012, segundo Instituto<\/em><\/strong><\/p>\n<p>O desemprego no Brasil teve a terceira queda seguida e ficou em 13,9% no trimestre encerrado em dezembro, segundo dados divulgados nesta sexta-feira (26) pelo Instituto Brasileiro de Geografia e Estat\u00edstica (IBGE). No entanto, 13,9 milh\u00f5es de brasileiros ainda estavam desempregados.<\/p>\n<p>J\u00e1 a taxa m\u00e9dia de desemprego no ano de 2020 foi de 13,5%, a maior da s\u00e9rie iniciada em 2012. Em 2019, foi de 11,9%.<\/p>\n<p><em>&#8220;A m\u00e9dia anual de desocupados ficou em 13,4 milh\u00f5es, a maior da s\u00e9rie anual, e aumentou 6,7% (mais 840 mil pessoas) em rela\u00e7\u00e3o a 2019&#8221;, informou o IBGE.<\/em><\/p>\n<p>Os dados fazem parte da Pesquisa Nacional por Amostra de Domic\u00edlios Con\u00edinua (Pnad). Na pesquisa anterior, referente ao trimestre encerrado em novembro, a taxa de desemprego estava em 14,1%.<\/p>\n<p><strong>Veja os principais destaques da pesquisa<\/strong><\/p>\n<ul>\n<li>2020 terminou com uma m\u00e9dia de 13,4 milh\u00f5es de desempregados, 6,7% a mais que em 2019;<\/li>\n<li>Taxa m\u00e9dia anual de desemprego subiu de 11,9% em 2019 para 13,5% em 2020, a mais alta desde 2012;<\/li>\n<li>A popula\u00e7\u00e3o ocupada atingiu, na m\u00e9dia anual, 86,1 milh\u00f5es, o menor contingente desde 2012;<\/li>\n<li>O n\u00famero de trabalhadores com carteira assinada teve redu\u00e7\u00e3o recorde (menos 2,6 milh\u00f5es), ficando em 30,6 milh\u00f5es, o menor contingente desde 2012;<\/li>\n<li>O n\u00famero de trabalhadores dom\u00e9sticos encolheu 19,2%, tamb\u00e9m a maior retra\u00e7\u00e3o j\u00e1 registrada.<\/li>\n<li>Contingente de empregados sem carteira assinada caiu 16,5% (menos 1,9 milh\u00e3o de pessoas), enquanto que o de trabalhadores por conta pr\u00f3pria encolheu 6,2%.<\/li>\n<li>Taxa m\u00e9dia de informalidade recuou de 41,1% em 2019 para 38,7% em 2020;<\/li>\n<li>O contingente de desalentados, na m\u00e9dia anual, aumentou em 16,1% em rela\u00e7\u00e3o a 2019, chegando a 5,5 milh\u00f5es de pessoas que desistiram de procurar emprego;<\/li>\n<li>N\u00famero de subutilizados chegou a 31,2 milh\u00f5es, o maior da s\u00e9rie anual, com alta de 13,1% (mais 3,6 milh\u00f5es de pessoas);<\/li>\n<li>Em 2020, a massa de rendimentos de todos os trabalhadores encolheu 3,6% frente ao ano anterior, somando R$ 213,4 bilh\u00f5es.<\/li>\n<\/ul>\n<p><strong>Brasil perde 7,3 milh\u00f5es de postos de trabalho no ano<\/strong><\/p>\n<p>Analistas t\u00eam destacado que uma retomada do mercado de trabalho depende do controle da pandemia e de uma vacina\u00e7\u00e3o em massa da popula\u00e7\u00e3o.<\/p>\n<p><em>&#8220;A necessidade de medidas de distanciamento social para o controle da propaga\u00e7\u00e3o do v\u00edrus paralisaram temporariamente algumas atividades econ\u00f4micas, o que tamb\u00e9m influenciou na decis\u00e3o das pessoas de procurarem trabalho. Com o relaxamento dessas medidas ao longo do ano, um maior contingente de pessoas voltou a buscar uma ocupa\u00e7\u00e3o, pressionando o mercado de trabalho\u201d, afirmou a analista da pesquisa do IBGE, Adriana Beringuy.<\/em><\/p>\n<p>Na m\u00e9dia anual, a popula\u00e7\u00e3o ocupada reduziu 7,3 milh\u00f5es de pessoas, para 86,1 milh\u00f5es, chegando ao menor n\u00famero da s\u00e9rie anual. \u201cPela primeira vez na s\u00e9rie anual, menos da metade da popula\u00e7\u00e3o em idade para trabalhar estava ocupada no pa\u00eds. Em 2020, o n\u00edvel de ocupa\u00e7\u00e3o foi de 49,4%\u201d, destacou Beringuy.<\/p>\n<p>No 4\u00ba trimestre, por\u00e9m, a popula\u00e7\u00e3o ocupada aumentou 4,5% (mais 3,7 milh\u00f5es de pessoas) em rela\u00e7\u00e3o ao trimestre anterior, chegando a 86,2 milh\u00f5es.<\/p>\n<p>&#8220;O que aconteceu no quarto trimestre n\u00e3o \u00e9 um retrato do que ocorreu no mercado de trabalho no ano de 2020. H\u00e1 um efeito sazonal espec\u00edfico do per\u00edodo influenciando as contrata\u00e7\u00f5es&#8221;, explicou a pesquisadora.<\/p>\n<p>O resultado do 4\u00ba trimestre ficou dentro do esperado pelo mercado. Mediana das previs\u00f5es em pesquisa da Reuters era de que a taxa ficaria em 13,9% no per\u00edodo.<\/p>\n<p>Segundo o IBGE, havia 32 milh\u00f5es de pessoas subutilizadas no Brasil no 4\u00ba trimestre. Na m\u00e9dia anual, esse contingente chegou a 31,2 milh\u00f5es, o maior da s\u00e9rie anual, com alta de 13,1% (ou mais 3,6 milh\u00f5es de pessoas subutilizadas) em rela\u00e7\u00e3o a 2019. J\u00e1 a taxa m\u00e9dia de subutiliza\u00e7\u00e3o ficou em 28,1%, a maior da s\u00e9rie anual, contra 24,2% em 2019 (24,2%).<\/p>\n<p>O grupo de trabalhadores subutilizados re\u00fane os desempregados, aqueles que est\u00e3o subocupados (trabalham menos de 40 horas semanais, mas poderiam e gostariam de trabalhar mais), e os que fazem parte da for\u00e7a de trabalho potencial (n\u00e3o est\u00e3o procurando emprego por motivos diversos), incluindo os desalentados, que s\u00e3o aqueles que desistiram de procurar uma ocupa\u00e7\u00e3o no mercado.<\/p>\n<p>Fonte: G1<\/p>\n","protected":false},"excerpt":{"rendered":"<p>Taxa m\u00e9dia de desocupa\u00e7\u00e3o em 2020 foi de 13,5%, a maior da s\u00e9rie iniciada em 2012, segundo Instituto O desemprego no Brasil teve a terceira&#8230;<\/p>\n","protected":false},"author":1182,"featured_media":0,"comment_status":"closed","ping_status":"closed","sticky":false,"template":"","format":"standard","meta":{"footnotes":""},"categories":[6],"tags":[833,1848,746,834,3251],"class_list":["post-34040","post","type-post","status-publish","format-standard","hentry","category-noticias","tag-desemprego","tag-ibge","tag-registro","tag-taxa","tag-trimestre"],"_links":{"self":[{"href":"https:\/\/www.sincomam.org.br\/index.php\/wp-json\/wp\/v2\/posts\/34040","targetHints":{"allow":["GET"]}}],"collection":[{"href":"https:\/\/www.sincomam.org.br\/index.php\/wp-json\/wp\/v2\/posts"}],"about":[{"href":"https:\/\/www.sincomam.org.br\/index.php\/wp-json\/wp\/v2\/types\/post"}],"author":[{"embeddable":true,"href":"https:\/\/www.sincomam.org.br\/index.php\/wp-json\/wp\/v2\/users\/1182"}],"replies":[{"embeddable":true,"href":"https:\/\/www.sincomam.org.br\/index.php\/wp-json\/wp\/v2\/comments?post=34040"}],"version-history":[{"count":3,"href":"https:\/\/www.sincomam.org.br\/index.php\/wp-json\/wp\/v2\/posts\/34040\/revisions"}],"predecessor-version":[{"id":34044,"href":"https:\/\/www.sincomam.org.br\/index.php\/wp-json\/wp\/v2\/posts\/34040\/revisions\/34044"}],"wp:attachment":[{"href":"https:\/\/www.sincomam.org.br\/index.php\/wp-json\/wp\/v2\/media?parent=34040"}],"wp:term":[{"taxonomy":"category","embeddable":true,"href":"https:\/\/www.sincomam.org.br\/index.php\/wp-json\/wp\/v2\/categories?post=34040"},{"taxonomy":"post_tag","embeddable":true,"href":"https:\/\/www.sincomam.org.br\/index.php\/wp-json\/wp\/v2\/tags?post=34040"}],"curies":[{"name":"wp","href":"https:\/\/api.w.org\/{rel}","templated":true}]}}