{"id":34031,"date":"2021-02-26T09:57:37","date_gmt":"2021-02-26T12:57:37","guid":{"rendered":"http:\/\/www.sincomam.org.br\/?p=34031"},"modified":"2021-02-26T09:57:37","modified_gmt":"2021-02-26T12:57:37","slug":"stf-adia-decisao-sobre-demissao-em-massa-sem-negociacao-sindical","status":"publish","type":"post","link":"https:\/\/www.sincomam.org.br\/index.php\/stf-adia-decisao-sobre-demissao-em-massa-sem-negociacao-sindical\/","title":{"rendered":"STF adia decis\u00e3o sobre demiss\u00e3o em massa sem negocia\u00e7\u00e3o sindical"},"content":{"rendered":"<p><strong><em>N\u00e3o h\u00e1 prazo definido para que o tema volte \u00e0 pauta<\/em><\/strong><\/p>\n<p>O Supremo Tribunal Federal (STF) suspendeu o julgamento sobre a legalidade de demiss\u00f5es em massa sem pr\u00e9via negocia\u00e7\u00e3o com sindicatos. A suspens\u00e3o foi causada por um pedido de destaque do ministro Dias Toffoli. N\u00e3o h\u00e1 prazo definido para que o tema volte \u00e0 pauta.<\/p>\n<p>O tema era julgado em um recurso com repercuss\u00e3o geral pautado no plen\u00e1rio virtual, ambiente em que os ministros t\u00eam um prazo para votar por escrito remotamente. O julgamento seria encerrado na ter\u00e7a-feira (23).<\/p>\n<p>Com o pedido de destaque, o caso deve ser remetido ao plen\u00e1rio f\u00edsico, em que as discuss\u00f5es t\u00eam sido realizadas ao vivo por videoconfer\u00eancia, devido \u00e0 pandemia de covid-19. Cabe agora ao presidente do STF, Luiz Fux, reinserir o assunto na pauta de julgamentos.<\/p>\n<p>No caso concreto, que embasa a discuss\u00e3o no Supremo, \u00e9 questionada a dispensa coletiva de 4 mil funcion\u00e1rios pela Embraer em 2009. Em geral, o entendimento da Justi\u00e7a do Trabalho tem sido o de que \u00e9 necess\u00e1ria a negocia\u00e7\u00e3o pr\u00e9via com sindicatos antes das demiss\u00f5es em massa.<\/p>\n<p>Neste m\u00eas, por exemplo, diferentes liminares concedidas por ju\u00edzes trabalhistas proibiram a Ford de demitir funcion\u00e1rios de f\u00e1bricas na Bahia e em S\u00e3o Paulo, ap\u00f3s a montadora ter anunciado o encerramento de sua produ\u00e7\u00e3o no Brasil.<\/p>\n<p><strong>Votos<\/strong><\/p>\n<p>At\u00e9 a suspens\u00e3o, dois ministros haviam votado por autorizar as demiss\u00f5es em massa \u2013 o relator, Marco Aur\u00e9lio Mello, e Alexandre de Moraes. Os demais ainda n\u00e3o tinham se manifestado.<\/p>\n<p>Para Marco Aur\u00e9lio, a \u201cdispensa em massa de trabalhadores prescinde de negocia\u00e7\u00e3o coletiva\u201d. O ministro do STF entendeu que as empresas t\u00eam direito a enxugar seu quadro de funcion\u00e1rios para fugir \u201c\u00e0 morte civil, \u00e0 fal\u00eancia\u201d.<\/p>\n<p>Desse modo, Marco Aur\u00e9lio considerou constitucional o Artigo 477-A da Consolida\u00e7\u00e3o das Leis do Trabalho, cuja reda\u00e7\u00e3o, introduzida pela reforma trabalhista de 2017, autoriza a dispensa coletiva sem pr\u00e9vio acordo coletivo com sindicatos.<\/p>\n<p>Fonte: Ag\u00eancia Brasil \/ Foto: divulga\u00e7\u00e3o<\/p>\n","protected":false},"excerpt":{"rendered":"<p>N\u00e3o h\u00e1 prazo definido para que o tema volte \u00e0 pauta O Supremo Tribunal Federal (STF) suspendeu o julgamento sobre a legalidade de demiss\u00f5es em&#8230;<\/p>\n","protected":false},"author":1182,"featured_media":18331,"comment_status":"closed","ping_status":"closed","sticky":false,"template":"","format":"standard","meta":{"footnotes":""},"categories":[6],"tags":[2670,1502,245,371,374,1014,1538,3875],"class_list":["post-34031","post","type-post","status-publish","format-standard","has-post-thumbnail","hentry","category-noticias","tag-acordo-coletivo-de-trabalho","tag-demissao","tag-manifestacao","tag-negociacao","tag-sindicato","tag-stf","tag-trabalhador","tag-voto"],"_links":{"self":[{"href":"https:\/\/www.sincomam.org.br\/index.php\/wp-json\/wp\/v2\/posts\/34031","targetHints":{"allow":["GET"]}}],"collection":[{"href":"https:\/\/www.sincomam.org.br\/index.php\/wp-json\/wp\/v2\/posts"}],"about":[{"href":"https:\/\/www.sincomam.org.br\/index.php\/wp-json\/wp\/v2\/types\/post"}],"author":[{"embeddable":true,"href":"https:\/\/www.sincomam.org.br\/index.php\/wp-json\/wp\/v2\/users\/1182"}],"replies":[{"embeddable":true,"href":"https:\/\/www.sincomam.org.br\/index.php\/wp-json\/wp\/v2\/comments?post=34031"}],"version-history":[{"count":1,"href":"https:\/\/www.sincomam.org.br\/index.php\/wp-json\/wp\/v2\/posts\/34031\/revisions"}],"predecessor-version":[{"id":34032,"href":"https:\/\/www.sincomam.org.br\/index.php\/wp-json\/wp\/v2\/posts\/34031\/revisions\/34032"}],"wp:featuredmedia":[{"embeddable":true,"href":"https:\/\/www.sincomam.org.br\/index.php\/wp-json\/wp\/v2\/media\/18331"}],"wp:attachment":[{"href":"https:\/\/www.sincomam.org.br\/index.php\/wp-json\/wp\/v2\/media?parent=34031"}],"wp:term":[{"taxonomy":"category","embeddable":true,"href":"https:\/\/www.sincomam.org.br\/index.php\/wp-json\/wp\/v2\/categories?post=34031"},{"taxonomy":"post_tag","embeddable":true,"href":"https:\/\/www.sincomam.org.br\/index.php\/wp-json\/wp\/v2\/tags?post=34031"}],"curies":[{"name":"wp","href":"https:\/\/api.w.org\/{rel}","templated":true}]}}