{"id":34022,"date":"2021-02-25T13:31:16","date_gmt":"2021-02-25T16:31:16","guid":{"rendered":"http:\/\/www.sincomam.org.br\/?p=34022"},"modified":"2021-02-25T13:31:16","modified_gmt":"2021-02-25T16:31:16","slug":"senado-aprova-compra-de-vacinas-pelo-setor-privado","status":"publish","type":"post","link":"https:\/\/www.sincomam.org.br\/index.php\/senado-aprova-compra-de-vacinas-pelo-setor-privado\/","title":{"rendered":"Senado aprova compra de vacinas pelo setor privado"},"content":{"rendered":"<p><strong><em>Medida agora precisar\u00e1 passar pela C\u00e2mara dos Deputados e pela san\u00e7\u00e3o do presidente Jair Bolsonaro antes de virar lei<\/em><\/strong><\/p>\n<p>O Senado Federal aprovou, na noite desta quarta-feira (24\/02), um projeto de lei, de autoria do presidente da Casa, Rodrigo Pacheco (DEM-MG), que permite a empresas investir na compra de vacinas contra o novo coronav\u00edrus.<\/p>\n<p>Em seu relat\u00f3rio, o senador Randolfe Rodrigues (Rede-AP), por\u00e9m, vetou a possibilidade de que o imunizante seja comercializado pelas empresas.<\/p>\n<p>Al\u00e9m disso, segundo o texto final, \u201cpelo menos 50% das doses ser\u00e3o, obrigatoriamente, doadas ao SUS\u201d e as demais ser\u00e3o \u201cutilizadas de forma gratuita\u201d.<\/p>\n<p>De acordo com o projeto de lei, todos os imunizantes comprados por pessoas jur\u00eddicas precisam ser doados ao Sistema \u00danico de Sa\u00fade (SUS) neste primeiro momento. No entanto, ap\u00f3s a vacina\u00e7\u00e3o dos grupos considerados priorit\u00e1rios, a iniciativa privada poder\u00e1, atendendo \u201cos requisitos legais e sanit\u00e1rios, adquirir, distribuir e administrar vacinas\u201d contra a doen\u00e7a.<\/p>\n<p>Antes de virar lei, o projeto precisa ainda ser aprovado pela C\u00e2mara dos Deputados e ser sancionado pelo presidente Jair Bolsonaro (sem partido).<\/p>\n<p>O texto tamb\u00e9m autoriza que a Uni\u00e3o, os estados e os munic\u00edpios possam &#8220;assumir os riscos inerentes \u00e0 responsabiliza\u00e7\u00e3o civil&#8221; por eventuais efeitos colaterais de imunizantes. Para isso, o texto permite que os entes federados constituam garantias ou contratem seguro privado nacional ou internacional \u201cpara a cobertura dos riscos\u201d.<\/p>\n<p>Na pr\u00e1tica, a medida abriria caminho para que o pa\u00eds assuma a responsabilidade pelos efeitos da vacina da Pfizer, como quer a empresa para vender doses do seu imunizante ao Brasil.<\/p>\n<p>Segundo o projeto de lei, essa responsabilidade pode ser assumida desde que a Anvisa tenha concedido registro ou autoriza\u00e7\u00e3o tempor\u00e1ria de uso emergencial.<\/p>\n<p>Ainda em plen\u00e1rio, ap\u00f3s acordo entre os parlamentares, uma emenda da senadora Simone Tebet (MDB-MS) foi acolhida para deixar claro que, apesar de estados e mun\u00edcipios passarem a ter o direito de adquirir os imunizantes, a responsabilidade principal de distribuir as vacinas aos entes segue sendo do Governo Federal.<\/p>\n<p>&#8220;Eu coloquei no projeto um artigo que permite a aquisi\u00e7\u00e3o pelos entes federados, mas essa aquisi\u00e7\u00e3o \u00e9 suplementar, a responsabilidade pela compra \u00e9 da Uni\u00e3o. Nesse caso, os entes poder\u00e3o comprar as vacinas com recursos pr\u00f3prios, ou mesmo, fazer conv\u00eanio com a Uni\u00e3o&#8221;, afirmou a senadora \u00e0 CNN.<\/p>\n<p>Fonte: CNN Brasil<\/p>\n","protected":false},"excerpt":{"rendered":"<p>Medida agora precisar\u00e1 passar pela C\u00e2mara dos Deputados e pela san\u00e7\u00e3o do presidente Jair Bolsonaro antes de virar lei O Senado Federal aprovou, na noite&#8230;<\/p>\n","protected":false},"author":1182,"featured_media":30124,"comment_status":"closed","ping_status":"closed","sticky":false,"template":"","format":"standard","meta":{"footnotes":""},"categories":[6],"tags":[375,2752,2751,107,1001,367,674],"class_list":["post-34022","post","type-post","status-publish","format-standard","has-post-thumbnail","hentry","category-noticias","tag-compra","tag-coronavirus","tag-covid-19","tag-empresa","tag-lei","tag-projeto","tag-vacina"],"_links":{"self":[{"href":"https:\/\/www.sincomam.org.br\/index.php\/wp-json\/wp\/v2\/posts\/34022","targetHints":{"allow":["GET"]}}],"collection":[{"href":"https:\/\/www.sincomam.org.br\/index.php\/wp-json\/wp\/v2\/posts"}],"about":[{"href":"https:\/\/www.sincomam.org.br\/index.php\/wp-json\/wp\/v2\/types\/post"}],"author":[{"embeddable":true,"href":"https:\/\/www.sincomam.org.br\/index.php\/wp-json\/wp\/v2\/users\/1182"}],"replies":[{"embeddable":true,"href":"https:\/\/www.sincomam.org.br\/index.php\/wp-json\/wp\/v2\/comments?post=34022"}],"version-history":[{"count":1,"href":"https:\/\/www.sincomam.org.br\/index.php\/wp-json\/wp\/v2\/posts\/34022\/revisions"}],"predecessor-version":[{"id":34023,"href":"https:\/\/www.sincomam.org.br\/index.php\/wp-json\/wp\/v2\/posts\/34022\/revisions\/34023"}],"wp:featuredmedia":[{"embeddable":true,"href":"https:\/\/www.sincomam.org.br\/index.php\/wp-json\/wp\/v2\/media\/30124"}],"wp:attachment":[{"href":"https:\/\/www.sincomam.org.br\/index.php\/wp-json\/wp\/v2\/media?parent=34022"}],"wp:term":[{"taxonomy":"category","embeddable":true,"href":"https:\/\/www.sincomam.org.br\/index.php\/wp-json\/wp\/v2\/categories?post=34022"},{"taxonomy":"post_tag","embeddable":true,"href":"https:\/\/www.sincomam.org.br\/index.php\/wp-json\/wp\/v2\/tags?post=34022"}],"curies":[{"name":"wp","href":"https:\/\/api.w.org\/{rel}","templated":true}]}}