{"id":34013,"date":"2021-02-25T09:18:37","date_gmt":"2021-02-25T12:18:37","guid":{"rendered":"http:\/\/www.sincomam.org.br\/?p=34013"},"modified":"2021-02-25T09:18:37","modified_gmt":"2021-02-25T12:18:37","slug":"ans-atualiza-rol-cobertura-obrigatoria-de-planos-de-saude-veja-o-que-foi-incluido","status":"publish","type":"post","link":"https:\/\/www.sincomam.org.br\/index.php\/ans-atualiza-rol-cobertura-obrigatoria-de-planos-de-saude-veja-o-que-foi-incluido\/","title":{"rendered":"ANS atualiza rol cobertura obrigat\u00f3ria de planos de sa\u00fade; Veja o que foi inclu\u00eddo"},"content":{"rendered":"<p>A Ag\u00eancia Nacional de Sa\u00fade Suplementar (ANS) aprovou nesta quarta-feira (dia 24) um novo rol de procedimentos de cobertura obrigat\u00f3ria por parte dos planos de sa\u00fade. A ag\u00eancia incluiu 15 novos procedimentos como exames, terapias e cirurgias. Al\u00e9m disso, a atualiza\u00e7\u00e3o contempla a incorpora\u00e7\u00e3o de 46 itens relativos a medicamentos. Ao todo, houve a inclus\u00e3o de 61 novas tecnologias em sa\u00fade.<\/p>\n<p>Na lista de medicamentos, est\u00e3o 24 rem\u00e9dios orais contra diversos tipos de c\u00e2ncer, entre eles de mama, renal, mieloma, melanoma e miel\u00f3ide aguda. Al\u00e9m de contemplar a cobertura de mais 21 rem\u00e9dios para tratamento de doen\u00e7as inflamat\u00f3rias, cr\u00f4nicas e autoimunes, como psor\u00edase, asma e esclerose m\u00faltipla; e um para tratamento de doen\u00e7a que leva a deformidades \u00f3sseas.<\/p>\n<p>Entre os procedimentos que devem ser cobertos a partir de agora pelos planos de sa\u00fade est\u00e3o exames, terapias e cirurgias para diagn\u00f3stico e tratamento de doen\u00e7as do cora\u00e7\u00e3o, intestino, coluna, pulm\u00e3o, mama, entre outras. De \u00faltima hora, foi inclu\u00eddo ainda o tratamento de Hemodiafiltra\u00e7\u00e3o online recomendado a pacientes com doen\u00e7a renal cr\u00f4nica em est\u00e1gio avan\u00e7ado e com cardiopatias.<\/p>\n<p>Al\u00e9m disso, est\u00e1 sendo ampliada a cobertura de outros quatro procedimentos j\u00e1 existentes no rol, atrav\u00e9s de altera\u00e7\u00f5es nas Diretrizes de Utiliza\u00e7\u00e3o (DUTs).<\/p>\n<p>O rol de procedimentos \u00e9 a refer\u00eancia b\u00e1sica para a cobertura m\u00ednima obrigat\u00f3ria dos planos privados e normalmente \u00e9 atualizado a cada dois anos. A \u00faltima incopora\u00e7\u00e3o de cobertura, no entanto, ocorreu em 2018, e deveria ser renovada em 2020. Os usu\u00e1rios de planos de sa\u00fade aguardam a incorpora\u00e7\u00e3o de novos procedimentos para terem acesso a tratamentos para doen\u00e7as graves e medicamentos.<\/p>\n<p>Para a presidente do Instituto Oncoguia, Luciana Holtz, a atualiza\u00e7\u00e3o traz esperan\u00e7a para muitos pacientes que dependem destes tratamentos. Holtz lembra, por\u00e9m, que muitos tratamentos ficaram de fora e que a incorpora\u00e7\u00e3o pelos planos n\u00e3o acompanha a velocidade de evolu\u00e7\u00e3o das terapias que podem salvar milhares de pessoas:<\/p>\n<p><em>\u2014 Estamos falando de um rol atrasado, que ficou quase tr\u00eas anos sem atualiza\u00e7\u00e3o, ou seja, \u00e9 o tempo que o paciente est\u00e1 esperando. \u00c9 preciso tamb\u00e9m ser mais transparente quanto aos crit\u00e9rios de inclus\u00e3o ou n\u00e3o das terapias \u2014 ressalta Holtz.<\/em><\/p>\n<p>J\u00e1 Marcos Novais, superintendente executivo da Associa\u00e7\u00e3o Brasileira de Planos de Sa\u00fade (Abramge), acredita que a incorpora\u00e7\u00e3o de novas tecnologias \u00e9 positiva para os usu\u00e1rios, mas acrescenta que os custos ser\u00e3o compartilhados por todos:<\/p>\n<p><em>\u2014 \u00c9 uma aprova\u00e7\u00e3o positiva, que tem impactos sobre os custos de opera\u00e7\u00e3o e que vai ser compartilhado por todos. Ou seja, para um usu\u00e1rio ter acesso a um medicamento oncol\u00f3gico de alto custo, todos os clientes dos planos contribuem (com o valor das mensalidades) para custear a terapia \u2014 afirma Novais.<\/em><\/p>\n<p>Segundo a ANS, depois de aprova\u00e7\u00e3o a Resolu\u00e7\u00e3o Normativa com o rol de procedimento, o texto \u00e9 encaminhado para publica\u00e7\u00e3o no Di\u00e1rio Oficial da Uni\u00e3o e dever\u00e1 entrar em vigor um m\u00eas ap\u00f3s a publica\u00e7\u00e3o.<\/p>\n<p>Fonte: Extra Online<\/p>\n","protected":false},"excerpt":{"rendered":"<p>A Ag\u00eancia Nacional de Sa\u00fade Suplementar (ANS) aprovou nesta quarta-feira (dia 24) um novo rol de procedimentos de cobertura obrigat\u00f3ria por parte dos planos de&#8230;<\/p>\n","protected":false},"author":1182,"featured_media":29793,"comment_status":"closed","ping_status":"closed","sticky":false,"template":"","format":"standard","meta":{"footnotes":""},"categories":[6],"tags":[83,515,61,3288,2888,4366,2766,519,3454],"class_list":["post-34013","post","type-post","status-publish","format-standard","has-post-thumbnail","hentry","category-noticias","tag-ampliacao","tag-ans","tag-brasil","tag-cobertura","tag-hospital","tag-medicacao","tag-plano","tag-saude","tag-tratamento"],"_links":{"self":[{"href":"https:\/\/www.sincomam.org.br\/index.php\/wp-json\/wp\/v2\/posts\/34013","targetHints":{"allow":["GET"]}}],"collection":[{"href":"https:\/\/www.sincomam.org.br\/index.php\/wp-json\/wp\/v2\/posts"}],"about":[{"href":"https:\/\/www.sincomam.org.br\/index.php\/wp-json\/wp\/v2\/types\/post"}],"author":[{"embeddable":true,"href":"https:\/\/www.sincomam.org.br\/index.php\/wp-json\/wp\/v2\/users\/1182"}],"replies":[{"embeddable":true,"href":"https:\/\/www.sincomam.org.br\/index.php\/wp-json\/wp\/v2\/comments?post=34013"}],"version-history":[{"count":1,"href":"https:\/\/www.sincomam.org.br\/index.php\/wp-json\/wp\/v2\/posts\/34013\/revisions"}],"predecessor-version":[{"id":34014,"href":"https:\/\/www.sincomam.org.br\/index.php\/wp-json\/wp\/v2\/posts\/34013\/revisions\/34014"}],"wp:featuredmedia":[{"embeddable":true,"href":"https:\/\/www.sincomam.org.br\/index.php\/wp-json\/wp\/v2\/media\/29793"}],"wp:attachment":[{"href":"https:\/\/www.sincomam.org.br\/index.php\/wp-json\/wp\/v2\/media?parent=34013"}],"wp:term":[{"taxonomy":"category","embeddable":true,"href":"https:\/\/www.sincomam.org.br\/index.php\/wp-json\/wp\/v2\/categories?post=34013"},{"taxonomy":"post_tag","embeddable":true,"href":"https:\/\/www.sincomam.org.br\/index.php\/wp-json\/wp\/v2\/tags?post=34013"}],"curies":[{"name":"wp","href":"https:\/\/api.w.org\/{rel}","templated":true}]}}