{"id":33998,"date":"2021-02-24T14:22:54","date_gmt":"2021-02-24T17:22:54","guid":{"rendered":"http:\/\/www.sincomam.org.br\/?p=33998"},"modified":"2021-02-24T14:22:54","modified_gmt":"2021-02-24T17:22:54","slug":"consulta-publica-para-arrendamento-da-area-par32-de-paranagua-termina-nesta-quarta","status":"publish","type":"post","link":"https:\/\/www.sincomam.org.br\/index.php\/consulta-publica-para-arrendamento-da-area-par32-de-paranagua-termina-nesta-quarta\/","title":{"rendered":"Consulta p\u00fablica para arrendamento da \u00e1rea PAR32 de Paranagu\u00e1 termina nesta quarta"},"content":{"rendered":"<p>Termina nesta quarta-feira (24\/2) o prazo da consulta p\u00fablica para o arrendamento do terminal portu\u00e1rio de carga geral com \u00eanfase em a\u00e7\u00facar ensacado (PAR32), localizado no Porto Organizado de Paranagu\u00e1, no Paran\u00e1. A consulta busca receber contribui\u00e7\u00f5es, subs\u00eddios e sugest\u00f5es para o aprimoramento das minutas jur\u00eddicas e t\u00e9cnicas do edital de licita\u00e7\u00e3o, do contrato de arrendamento, dos documentos t\u00e9cnicos e seus respectivos anexos, necess\u00e1rias para a licita\u00e7\u00e3o.<\/p>\n<p>No \u00faltimo dia 4 de fevereiro, foi realizada audi\u00eancia p\u00fablica virtual e os documentos da consulta p\u00fablica j\u00e1 est\u00e3o dispon\u00edveis.<\/p>\n<p>Trata-se de \u00e1rea brownfield, com 6.651 m\u00b2, dedicada \u00e0 movimenta\u00e7\u00e3o de carga geral, com \u00eanfase em a\u00e7\u00facar ensacado, que ser\u00e1 concedida \u00e0 iniciativa privada mediante licita\u00e7\u00e3o na modalidade leil\u00e3o \u2013 cujo crit\u00e9rio de sele\u00e7\u00e3o ser\u00e1 o maior valor de outorga. O prazo previsto para o arrendamento \u00e9 de 10 anos e s\u00e3o estimados investimentos de R$ 29 milh\u00f5es.<\/p>\n<p><strong>Terminal PAR50<\/strong><\/p>\n<p>A consulta p\u00fablica para o arrendamento do terminal portu\u00e1rio de carga geral com \u00eanfase em gran\u00e9is l\u00edquidos (PAR50), tamb\u00e9m localizado no Porto Organizado de Paranagu\u00e1, no Paran\u00e1, foi prorrogada at\u00e9 o dia 23 de mar\u00e7o.<\/p>\n<p>O terminal \u00e9 uma \u00e1rea brownfield, com 85.392 m\u00b2, dedicada \u00e0 movimenta\u00e7\u00e3o, armazenagem e distribui\u00e7\u00e3o de gran\u00e9is l\u00edquidos combust\u00edveis. Estima-se que o contrato ter\u00e1 o prazo de 25 anos, com investimentos de R$ 338 milh\u00f5es.<\/p>\n<p>Fonte: Informativo dos Portos<\/p>\n","protected":false},"excerpt":{"rendered":"<p>Termina nesta quarta-feira (24\/2) o prazo da consulta p\u00fablica para o arrendamento do terminal portu\u00e1rio de carga geral com \u00eanfase em a\u00e7\u00facar ensacado (PAR32), localizado&#8230;<\/p>\n","protected":false},"author":1182,"featured_media":33221,"comment_status":"closed","ping_status":"closed","sticky":false,"template":"","format":"standard","meta":{"footnotes":""},"categories":[6],"tags":[1372,3085,4364,187,80,1153],"class_list":["post-33998","post","type-post","status-publish","format-standard","has-post-thumbnail","hentry","category-noticias","tag-arrendamento","tag-consulta","tag-par32","tag-paranagua","tag-porto","tag-publica"],"_links":{"self":[{"href":"https:\/\/www.sincomam.org.br\/index.php\/wp-json\/wp\/v2\/posts\/33998","targetHints":{"allow":["GET"]}}],"collection":[{"href":"https:\/\/www.sincomam.org.br\/index.php\/wp-json\/wp\/v2\/posts"}],"about":[{"href":"https:\/\/www.sincomam.org.br\/index.php\/wp-json\/wp\/v2\/types\/post"}],"author":[{"embeddable":true,"href":"https:\/\/www.sincomam.org.br\/index.php\/wp-json\/wp\/v2\/users\/1182"}],"replies":[{"embeddable":true,"href":"https:\/\/www.sincomam.org.br\/index.php\/wp-json\/wp\/v2\/comments?post=33998"}],"version-history":[{"count":1,"href":"https:\/\/www.sincomam.org.br\/index.php\/wp-json\/wp\/v2\/posts\/33998\/revisions"}],"predecessor-version":[{"id":33999,"href":"https:\/\/www.sincomam.org.br\/index.php\/wp-json\/wp\/v2\/posts\/33998\/revisions\/33999"}],"wp:featuredmedia":[{"embeddable":true,"href":"https:\/\/www.sincomam.org.br\/index.php\/wp-json\/wp\/v2\/media\/33221"}],"wp:attachment":[{"href":"https:\/\/www.sincomam.org.br\/index.php\/wp-json\/wp\/v2\/media?parent=33998"}],"wp:term":[{"taxonomy":"category","embeddable":true,"href":"https:\/\/www.sincomam.org.br\/index.php\/wp-json\/wp\/v2\/categories?post=33998"},{"taxonomy":"post_tag","embeddable":true,"href":"https:\/\/www.sincomam.org.br\/index.php\/wp-json\/wp\/v2\/tags?post=33998"}],"curies":[{"name":"wp","href":"https:\/\/api.w.org\/{rel}","templated":true}]}}