{"id":33996,"date":"2021-02-24T13:37:43","date_gmt":"2021-02-24T16:37:43","guid":{"rendered":"http:\/\/www.sincomam.org.br\/?p=33996"},"modified":"2021-02-24T13:37:43","modified_gmt":"2021-02-24T16:37:43","slug":"conselho-da-petrobras-convoca-assembleia-para-substituir-de-presidente","status":"publish","type":"post","link":"https:\/\/www.sincomam.org.br\/index.php\/conselho-da-petrobras-convoca-assembleia-para-substituir-de-presidente\/","title":{"rendered":"Conselho da Petrobras convoca assembleia para substituir de presidente"},"content":{"rendered":"<p><strong><em>Decis\u00e3o foi tomada em reuni\u00e3o do conselho na tarde desta ter\u00e7a-feira<\/em><\/strong><\/p>\n<p>O Conselho de Administra\u00e7\u00e3o da Petrobras decidiu convocar uma Assembleia Geral Extraordin\u00e1ria (AGE), em data a ser definida, para deliberar sobre a troca de comando da empresa. A medida foi tomada nesta ter\u00e7a-feira (23), ap\u00f3s reuni\u00e3o dos conselheiros da estatal. A companhia se pronunciou em nota, detalhando os pr\u00f3ximos passos para a posse do general Joaquim Silva e Luna como presidente da empresa, indicado pelo presidente da Rep\u00fablica, Jair Bolsonaro.<\/p>\n<p>A AGE tem o objetivo de deliberar sobre a nomea\u00e7\u00e3o de Silva e Luna para o lugar do atual presidente da estatal, Roberto Castello Branco. O pedido de realiza\u00e7\u00e3o da assembleia havia sido formulado pelo Minist\u00e9rio das Minas e Energia.<\/p>\n<p>Segundo o comunicado divulgado pela companhia no in\u00edcio da noite, a AGE ser\u00e1 realizada antes da Assembleia Geral Ordin\u00e1ria (AGO) de 2021. Na AGO ser\u00e1 decidida a destitui\u00e7\u00e3o de Castello Branco do cargo de membro do Conselho de Administra\u00e7\u00e3o, o que acarreta a destitui\u00e7\u00e3o dos demais sete membros do conselho de eleitos na AGO de julho de 2020. Ser\u00e3o eleitos oito membros do Conselho de Administra\u00e7\u00e3o e haver\u00e1 a elei\u00e7\u00e3o do presidente do conselho.<\/p>\n<p>A estatal pontuou ainda que o Conselho de Administra\u00e7\u00e3o \u201ccontinuar\u00e1 a zelar com rigor pelos padr\u00f5es de governan\u00e7a da Petrobras, inclusive no que diz respeito \u00e0s pol\u00edticas de pre\u00e7os de produtos da companhia\u201d. Os membros da diretoria executiva t\u00eam mandato vigente at\u00e9 o dia 20 de mar\u00e7o de 2021 e contam com o apoio do Conselho.<\/p>\n<p>Fonte: Ag\u00eancia Brasil<\/p>\n","protected":false},"excerpt":{"rendered":"<p>Decis\u00e3o foi tomada em reuni\u00e3o do conselho na tarde desta ter\u00e7a-feira O Conselho de Administra\u00e7\u00e3o da Petrobras decidiu convocar uma Assembleia Geral Extraordin\u00e1ria (AGE), em&#8230;<\/p>\n","protected":false},"author":1182,"featured_media":28309,"comment_status":"closed","ping_status":"closed","sticky":false,"template":"","format":"standard","meta":{"footnotes":""},"categories":[6],"tags":[818,3429,3721,58,314],"class_list":["post-33996","post","type-post","status-publish","format-standard","has-post-thumbnail","hentry","category-noticias","tag-aprovacao","tag-assembleia","tag-conselho","tag-petrobras","tag-presidente"],"_links":{"self":[{"href":"https:\/\/www.sincomam.org.br\/index.php\/wp-json\/wp\/v2\/posts\/33996","targetHints":{"allow":["GET"]}}],"collection":[{"href":"https:\/\/www.sincomam.org.br\/index.php\/wp-json\/wp\/v2\/posts"}],"about":[{"href":"https:\/\/www.sincomam.org.br\/index.php\/wp-json\/wp\/v2\/types\/post"}],"author":[{"embeddable":true,"href":"https:\/\/www.sincomam.org.br\/index.php\/wp-json\/wp\/v2\/users\/1182"}],"replies":[{"embeddable":true,"href":"https:\/\/www.sincomam.org.br\/index.php\/wp-json\/wp\/v2\/comments?post=33996"}],"version-history":[{"count":1,"href":"https:\/\/www.sincomam.org.br\/index.php\/wp-json\/wp\/v2\/posts\/33996\/revisions"}],"predecessor-version":[{"id":33997,"href":"https:\/\/www.sincomam.org.br\/index.php\/wp-json\/wp\/v2\/posts\/33996\/revisions\/33997"}],"wp:featuredmedia":[{"embeddable":true,"href":"https:\/\/www.sincomam.org.br\/index.php\/wp-json\/wp\/v2\/media\/28309"}],"wp:attachment":[{"href":"https:\/\/www.sincomam.org.br\/index.php\/wp-json\/wp\/v2\/media?parent=33996"}],"wp:term":[{"taxonomy":"category","embeddable":true,"href":"https:\/\/www.sincomam.org.br\/index.php\/wp-json\/wp\/v2\/categories?post=33996"},{"taxonomy":"post_tag","embeddable":true,"href":"https:\/\/www.sincomam.org.br\/index.php\/wp-json\/wp\/v2\/tags?post=33996"}],"curies":[{"name":"wp","href":"https:\/\/api.w.org\/{rel}","templated":true}]}}