{"id":33980,"date":"2021-02-23T10:44:32","date_gmt":"2021-02-23T13:44:32","guid":{"rendered":"http:\/\/www.sincomam.org.br\/?p=33980"},"modified":"2021-02-23T10:44:32","modified_gmt":"2021-02-23T13:44:32","slug":"contas-de-luz-devem-ter-neste-ano-maior-aumento-medio-desde-2018-aponta-aneel","status":"publish","type":"post","link":"https:\/\/www.sincomam.org.br\/index.php\/contas-de-luz-devem-ter-neste-ano-maior-aumento-medio-desde-2018-aponta-aneel\/","title":{"rendered":"Contas de luz devem ter neste ano maior aumento m\u00e9dio desde 2018, aponta Aneel"},"content":{"rendered":"<p><strong><em>Ag\u00eancia estima alta de 13%, que com devolu\u00e7\u00e3o de impostos pode cair a 8%, \u00edndice que ainda seria o maior em tr\u00eas anos<\/em><\/strong><\/p>\n<p>O aumento m\u00e9dio nas contas de luz em 2021 deve ser o maior desde 2018, de acordo com o diretor-geral da Ag\u00eancia Nacional de Energia El\u00e9trica (Aneel), Andr\u00e9 Pepitone.<\/p>\n<p>Atualmente, informou ele, a estimativa da ag\u00eancia \u00e9 que o aumento m\u00e9dio fique em 13% em 2021. Esse percentual cairia para 8% com a devolu\u00e7\u00e3o aos consumidores de uma parte dos R$ 50 bilh\u00f5es em impostos cobrados a mais nas contas de luz nos \u00faltimos anos (leia mais abaixo).<\/p>\n<p>Mesmo assim, o aumento de 8% continuaria sendo o maior desde 2018, quando a alta m\u00e9dia das tarifas foi de 15%.<\/p>\n<p>O G1 procurou o Minist\u00e9rio de Minas e Energia, mas n\u00e3o obteve resposta. O Minist\u00e9rio da Economia informou que n\u00e3o comentaria o assunto.<\/p>\n<p>No s\u00e1bado (20), o presidente Jair Bolsonaro afirmou que vai &#8220;meter o dedo na energia el\u00e9trica&#8221;. Segundo ele, isso \u00e9 &#8220;outro problema&#8221; do pa\u00eds. Ele deu a declara\u00e7\u00e3o um dia depois de anunciar a troca do presidente da Petrobras, em meio a press\u00f5es geradas por seguidos aumentos no pre\u00e7o dos combust\u00edveis.<\/p>\n<p>Esse forte reajuste nas contas de luz viria num momento em que o pa\u00eds ainda sofre com os reflexos da pandemia da Covid-19 na economia. Por isso, segundo informou Pepitone em entrevista ao G1, j\u00e1 est\u00e3o sendo feitos estudos de medidas adicionais para aliviar a press\u00e3o sobre as tarifas de energia.<\/p>\n<p><em>\u201c[O aumento m\u00e9dio de 8%] ainda \u00e9 alto. Ent\u00e3o a gente tem que encontrar medidas adicionais tamb\u00e9m para trabalhar esses 8%\u201d, disse Pepitone. &#8220;Estamos avaliando neste momento quais seriam essas op\u00e7\u00f5es, mas estamos buscando medidas neste sentido&#8221;, completou.<\/em><\/p>\n<p>Ele disse que a contrata\u00e7\u00e3o de um novo empr\u00e9stimo banc\u00e1rio, solu\u00e7\u00e3o encontrada para aliviar dificuldades no setor el\u00e9trico em 2014 e em 2020, n\u00e3o foi &#8220;cogitada&#8221;. Para o diretor-geral da Aneel, o ideal &#8220;\u00e9 buscar recursos no pr\u00f3prio setor para abater essas tarifas.&#8221;<\/p>\n<p><strong>O que provoca o aumento?<\/strong><\/p>\n<p>V\u00e1rios fatores est\u00e3o contribuindo para o forte aumento das contas de luz em 2021, de acordo com a Aneel. Eles v\u00e3o do maior uso de termel\u00e9tricas at\u00e9 o c\u00e2mbio.<\/p>\n<p>A disparada do d\u00f3lar desde o ano passado, motivada principalmente pela pandemia, encarece a energia da hidrel\u00e9trica de Itaipu, maior usina do pa\u00eds e respons\u00e1vel por atender a cerca de 10% de toda a demanda nacional.<\/p>\n<p>A energia da usina \u00e9 cotada em d\u00f3lar e o seu encarecimento prejudica especificamente os consumidores das regi\u00f5es Sul, Sudeste e Centro-Oeste &#8211; a legisla\u00e7\u00e3o estabelece que s\u00e3o as distribuidoras dessas tr\u00eas regi\u00f5es as respons\u00e1veis por comprar a energia da usina.<\/p>\n<p>Segundo Pepitone, a energia de Itaipu, sozinha, vai &#8220;puxar para cima&#8221; o reajuste das tarifas em 3,3% neste primeiro semestre.<\/p>\n<p>Outro fator contribuindo para inflacionar as contas de luz neste ano \u00e9 o uso mais intenso de usinas termel\u00e9tricas, que geram energia mais cara. O governo aciona mais termel\u00e9tricas quando \u00e9 preciso poupar \u00e1gua das hidrel\u00e9tricas devido \u00e0 falta de chuvas.<\/p>\n<p>De acordo com dados do Operador Nacional do Sistema El\u00e9trico (ONS), os reservat\u00f3rios das hidrel\u00e9tricas do Sudeste e Centro-Oeste chegaram ao final de janeiro com o menor n\u00edvel de armazenamento para o m\u00eas desde 2015. Por isso, o pa\u00eds tem usado mais termel\u00e9tricas nos \u00faltimos meses.<\/p>\n<p><strong>O aumento tamb\u00e9m \u00e9 reflexo de:<\/strong><\/p>\n<ul>\n<li>Alta dos custos com transmiss\u00e3o de energia: os consumidores ter\u00e3o que pagar R$ 2,2 bilh\u00f5es a mais para remunerar transmissoras que entraram em opera\u00e7\u00e3o nos \u00faltimos meses;<\/li>\n<li>Avan\u00e7o do IGPM: o \u00edndice de infla\u00e7\u00e3o, conhecido por corrigir os contratos de aluguel, tamb\u00e9m \u00e9 usado para corre\u00e7\u00e3o de parte (18) dos contratos com distribuidoras de energia e teve alta de 23,14% em 2020;<\/li>\n<li>Pagamento de indeniza\u00e7\u00e3o a transmissoras: ser\u00e3o pagos R$ 3,3 bilh\u00f5es neste ano a empresas com direito a serem ressarcidas por investimentos feitos no passado;<\/li>\n<li>D\u00e9ficit das Bandeiras Tarif\u00e1rias: o sistema, que aplica uma cobran\u00e7a extra nas contas de luz para cobrir custos com aumento do pre\u00e7o da energia, foi suspenso por seis meses em 2020 e arrecadou menos que o necess\u00e1rio. A diferen\u00e7a, de R$ 3,1 bilh\u00f5es, ser\u00e1 cobrada nas tarifas neste ano.<\/li>\n<\/ul>\n<p>Fonte: G1<\/p>\n","protected":false},"excerpt":{"rendered":"<p>Ag\u00eancia estima alta de 13%, que com devolu\u00e7\u00e3o de impostos pode cair a 8%, \u00edndice que ainda seria o maior em tr\u00eas anos O aumento&#8230;<\/p>\n","protected":false},"author":1182,"featured_media":5319,"comment_status":"closed","ping_status":"closed","sticky":false,"template":"","format":"standard","meta":{"footnotes":""},"categories":[6],"tags":[4129,405,425,463,426,298],"class_list":["post-33980","post","type-post","status-publish","format-standard","has-post-thumbnail","hentry","category-noticias","tag-aneel","tag-aumento","tag-conta","tag-inflacao","tag-luz","tag-preco"],"_links":{"self":[{"href":"https:\/\/www.sincomam.org.br\/index.php\/wp-json\/wp\/v2\/posts\/33980","targetHints":{"allow":["GET"]}}],"collection":[{"href":"https:\/\/www.sincomam.org.br\/index.php\/wp-json\/wp\/v2\/posts"}],"about":[{"href":"https:\/\/www.sincomam.org.br\/index.php\/wp-json\/wp\/v2\/types\/post"}],"author":[{"embeddable":true,"href":"https:\/\/www.sincomam.org.br\/index.php\/wp-json\/wp\/v2\/users\/1182"}],"replies":[{"embeddable":true,"href":"https:\/\/www.sincomam.org.br\/index.php\/wp-json\/wp\/v2\/comments?post=33980"}],"version-history":[{"count":1,"href":"https:\/\/www.sincomam.org.br\/index.php\/wp-json\/wp\/v2\/posts\/33980\/revisions"}],"predecessor-version":[{"id":33981,"href":"https:\/\/www.sincomam.org.br\/index.php\/wp-json\/wp\/v2\/posts\/33980\/revisions\/33981"}],"wp:featuredmedia":[{"embeddable":true,"href":"https:\/\/www.sincomam.org.br\/index.php\/wp-json\/wp\/v2\/media\/5319"}],"wp:attachment":[{"href":"https:\/\/www.sincomam.org.br\/index.php\/wp-json\/wp\/v2\/media?parent=33980"}],"wp:term":[{"taxonomy":"category","embeddable":true,"href":"https:\/\/www.sincomam.org.br\/index.php\/wp-json\/wp\/v2\/categories?post=33980"},{"taxonomy":"post_tag","embeddable":true,"href":"https:\/\/www.sincomam.org.br\/index.php\/wp-json\/wp\/v2\/tags?post=33980"}],"curies":[{"name":"wp","href":"https:\/\/api.w.org\/{rel}","templated":true}]}}