{"id":33977,"date":"2021-02-23T10:19:15","date_gmt":"2021-02-23T13:19:15","guid":{"rendered":"http:\/\/www.sincomam.org.br\/?p=33977"},"modified":"2021-02-23T10:19:15","modified_gmt":"2021-02-23T13:19:15","slug":"navios-da-marinha-levam-usinas-de-oxigenio-para-interior-do-amazonas","status":"publish","type":"post","link":"https:\/\/www.sincomam.org.br\/index.php\/navios-da-marinha-levam-usinas-de-oxigenio-para-interior-do-amazonas\/","title":{"rendered":"Navios da Marinha levam usinas de oxig\u00eanio para interior do Amazonas"},"content":{"rendered":"<p><strong><em>A\u00e7\u00e3o faz parte da Opera\u00e7\u00e3o \u201cCovid-19\u201d do Minist\u00e9rio da Defesa<\/em><\/strong><\/p>\n<p>Em apoio ao Minist\u00e9rio da Sa\u00fade, os Navios-Patrulha Fluvial (NPaFlu) \u201cPedro Teixeira\u201d, \u201cRaposo Tavares\u201d e \u201cAmap\u00e1\u201d, subordinados ao Comando da Flotilha do Amazonas, partiram de Manaus (AM), no dia 19 de fevereiro, transportando usinas de oxig\u00eanio para quatro munic\u00edpios do interior do Amazonas. As informa\u00e7\u00f5es s\u00e3o da Marinha do Brasil.<\/p>\n<p>Segundo a Marinha, os equipamentos permitir\u00e3o a produ\u00e7\u00e3o de oxig\u00eanio medicinal que deve ser utilizado no tratamento de pacientes com Covid-19 nos munic\u00edpios de Tapau\u00e1, Urucar\u00e1, Codaj\u00e1s e Santo Ant\u00f4nio do I\u00e7\u00e1 (AM). As usinas foram doadas ao Minist\u00e9rio da Sa\u00fade por empresas privadas e transportadas de S\u00e3o Paulo (SP) para Manaus pela For\u00e7a A\u00e9rea. Tr\u00eas delas foram embarcadas nos navios da Marinha, em Manaus, e uma foi levada direto para Tabatinga (AM), de onde ser\u00e1 transportada pelo NPaFlu \u201cRaposo Tavares\u201d para Santo Ant\u00f4nio do I\u00e7\u00e1.<\/p>\n<p>Ao todo, 250 militares est\u00e3o envolvidos diretamente na atividade. O Comandante da Flotilha do Amazonas, Capit\u00e3o de Mar e Guerra Carlos Eduardo Lopes da Cruz, destacou que h\u00e1 ainda, al\u00e9m das tripula\u00e7\u00f5es dos navios, uma log\u00edstica envolvendo mais militares empenhados em contribuir na luta contra o coronav\u00edrus.<\/p>\n<p>Fonte: MB \/ Foto: divulga\u00e7\u00e3o<\/p>\n","protected":false},"excerpt":{"rendered":"<p>A\u00e7\u00e3o faz parte da Opera\u00e7\u00e3o \u201cCovid-19\u201d do Minist\u00e9rio da Defesa Em apoio ao Minist\u00e9rio da Sa\u00fade, os Navios-Patrulha Fluvial (NPaFlu) \u201cPedro Teixeira\u201d, \u201cRaposo Tavares\u201d e&#8230;<\/p>\n","protected":false},"author":1182,"featured_media":33978,"comment_status":"closed","ping_status":"closed","sticky":false,"template":"","format":"standard","meta":{"footnotes":""},"categories":[6],"tags":[248,15,47,4285],"class_list":["post-33977","post","type-post","status-publish","format-standard","has-post-thumbnail","hentry","category-noticias","tag-amazonas","tag-marinha","tag-navio","tag-oxigenio"],"_links":{"self":[{"href":"https:\/\/www.sincomam.org.br\/index.php\/wp-json\/wp\/v2\/posts\/33977","targetHints":{"allow":["GET"]}}],"collection":[{"href":"https:\/\/www.sincomam.org.br\/index.php\/wp-json\/wp\/v2\/posts"}],"about":[{"href":"https:\/\/www.sincomam.org.br\/index.php\/wp-json\/wp\/v2\/types\/post"}],"author":[{"embeddable":true,"href":"https:\/\/www.sincomam.org.br\/index.php\/wp-json\/wp\/v2\/users\/1182"}],"replies":[{"embeddable":true,"href":"https:\/\/www.sincomam.org.br\/index.php\/wp-json\/wp\/v2\/comments?post=33977"}],"version-history":[{"count":1,"href":"https:\/\/www.sincomam.org.br\/index.php\/wp-json\/wp\/v2\/posts\/33977\/revisions"}],"predecessor-version":[{"id":33979,"href":"https:\/\/www.sincomam.org.br\/index.php\/wp-json\/wp\/v2\/posts\/33977\/revisions\/33979"}],"wp:featuredmedia":[{"embeddable":true,"href":"https:\/\/www.sincomam.org.br\/index.php\/wp-json\/wp\/v2\/media\/33978"}],"wp:attachment":[{"href":"https:\/\/www.sincomam.org.br\/index.php\/wp-json\/wp\/v2\/media?parent=33977"}],"wp:term":[{"taxonomy":"category","embeddable":true,"href":"https:\/\/www.sincomam.org.br\/index.php\/wp-json\/wp\/v2\/categories?post=33977"},{"taxonomy":"post_tag","embeddable":true,"href":"https:\/\/www.sincomam.org.br\/index.php\/wp-json\/wp\/v2\/tags?post=33977"}],"curies":[{"name":"wp","href":"https:\/\/api.w.org\/{rel}","templated":true}]}}