{"id":33963,"date":"2021-02-22T10:24:23","date_gmt":"2021-02-22T13:24:23","guid":{"rendered":"http:\/\/www.sincomam.org.br\/?p=33963"},"modified":"2021-02-22T10:24:23","modified_gmt":"2021-02-22T13:24:23","slug":"general-joaquim-silva-e-luna-e-indicado-para-a-presidencia-da-petrobras","status":"publish","type":"post","link":"https:\/\/www.sincomam.org.br\/index.php\/general-joaquim-silva-e-luna-e-indicado-para-a-presidencia-da-petrobras\/","title":{"rendered":"General Joaquim Silva e Luna \u00e9 indicado para a presid\u00eancia da Petrobras"},"content":{"rendered":"<p><strong><em>Indica\u00e7\u00e3o veio do Presidente Jair Bolsonaro depois de seguidos aumentos nos pre\u00e7os dos combust\u00edveis<\/em><\/strong><\/p>\n<p>O presidente Jair Bolsonaro anunciou na noite da \u00faltima sexta-feira (19), a indica\u00e7\u00e3o de novo nome para a presid\u00eancia da Petrobras. Em postagem nas redes sociais, Bolsonaro compartilhou uma nota oficial do Minist\u00e9rio das Minas e Energia (MME) que informa a indica\u00e7\u00e3o do General Joaquim Silva e Luna para substituir Roberto Castello Branco, que est\u00e1 no cargo desde o in\u00edcio do governo, em janeiro de 2019.<\/p>\n<p><a href=\"https:\/\/www.sincomam.org.br\/wp-content\/uploads\/2021\/02\/nota.jpg\" target=\"_blank\" rel=\"noopener noreferrer\"><img fetchpriority=\"high\" decoding=\"async\" class=\"aligncenter wp-image-33964 size-medium\" src=\"https:\/\/www.sincomam.org.br\/wp-content\/uploads\/2021\/02\/nota-300x219.jpg\" alt=\"\" width=\"300\" height=\"219\" srcset=\"https:\/\/www.sincomam.org.br\/wp-content\/uploads\/2021\/02\/nota-300x219.jpg 300w, https:\/\/www.sincomam.org.br\/wp-content\/uploads\/2021\/02\/nota.jpg 680w\" sizes=\"(max-width: 300px) 100vw, 300px\" \/><\/a><\/p>\n<p>A mudan\u00e7a na Petrobras ocorre em meio a recentes aumentos no pre\u00e7o dos combust\u00edveis e um dia depois do governo anunciar que vai zerar os impostos federais que incidem sobre o g\u00e1s liquefeito de petr\u00f3leo (GLP) \u2013 o g\u00e1s de cozinha \u2013 e o \u00f3leo diesel.<\/p>\n<p><strong>Resposta da Petrobras<\/strong><\/p>\n<p>Em nota, a Petrobras informou que recebeu of\u00edcio do Minist\u00e9rio das Minas e Energia, solicitando convoca\u00e7\u00e3o de Assembleia Geral Extraordin\u00e1ria, para \u201cpromover a substitui\u00e7\u00e3o e elei\u00e7\u00e3o de membro do Conselho de Administra\u00e7\u00e3o, e indicando Joaquim Silva e Luna, em substitui\u00e7\u00e3o a Roberto da Cunha Castello Branco\u201d.<\/p>\n<p>O of\u00edcio tamb\u00e9m solicita que Joaquim Silva e Luna seja, posteriormente, avaliado pelo Conselho de Administra\u00e7\u00e3o da Petrobras para o cargo de Presidente.<\/p>\n<p>Conforme a nota, a companhia esclareceu que o presidente Roberto Castello Branco e demais Diretores Executivos da empresa tem mandato vigente at\u00e9 o dia 20 de mar\u00e7o de 2021.<\/p>\n<p><strong>O General<\/strong><\/p>\n<p>O general Silva e Luna foi ministro da Defesa no governo Michel Temer e, desde janeiro de 2019, ocupa o cargo de diretor-geral da Itaipu Binacional, empresa p\u00fablica dirigida pelos governos do Brasil e do Paraguai, respons\u00e1vel pela gest\u00e3o da usina hidrel\u00e9trica.<\/p>\n","protected":false},"excerpt":{"rendered":"<p>Indica\u00e7\u00e3o veio do Presidente Jair Bolsonaro depois de seguidos aumentos nos pre\u00e7os dos combust\u00edveis O presidente Jair Bolsonaro anunciou na noite da \u00faltima sexta-feira (19),&#8230;<\/p>\n","protected":false},"author":1182,"featured_media":17775,"comment_status":"closed","ping_status":"closed","sticky":false,"template":"","format":"standard","meta":{"footnotes":""},"categories":[6],"tags":[405,177,4361,2835,58,314,1193],"class_list":["post-33963","post","type-post","status-publish","format-standard","has-post-thumbnail","hentry","category-noticias","tag-aumento","tag-combustiveis","tag-general-joaquim-silva-e-luna","tag-jair-bolsonaro","tag-petrobras","tag-presidente","tag-troca"],"_links":{"self":[{"href":"https:\/\/www.sincomam.org.br\/index.php\/wp-json\/wp\/v2\/posts\/33963","targetHints":{"allow":["GET"]}}],"collection":[{"href":"https:\/\/www.sincomam.org.br\/index.php\/wp-json\/wp\/v2\/posts"}],"about":[{"href":"https:\/\/www.sincomam.org.br\/index.php\/wp-json\/wp\/v2\/types\/post"}],"author":[{"embeddable":true,"href":"https:\/\/www.sincomam.org.br\/index.php\/wp-json\/wp\/v2\/users\/1182"}],"replies":[{"embeddable":true,"href":"https:\/\/www.sincomam.org.br\/index.php\/wp-json\/wp\/v2\/comments?post=33963"}],"version-history":[{"count":1,"href":"https:\/\/www.sincomam.org.br\/index.php\/wp-json\/wp\/v2\/posts\/33963\/revisions"}],"predecessor-version":[{"id":33967,"href":"https:\/\/www.sincomam.org.br\/index.php\/wp-json\/wp\/v2\/posts\/33963\/revisions\/33967"}],"wp:featuredmedia":[{"embeddable":true,"href":"https:\/\/www.sincomam.org.br\/index.php\/wp-json\/wp\/v2\/media\/17775"}],"wp:attachment":[{"href":"https:\/\/www.sincomam.org.br\/index.php\/wp-json\/wp\/v2\/media?parent=33963"}],"wp:term":[{"taxonomy":"category","embeddable":true,"href":"https:\/\/www.sincomam.org.br\/index.php\/wp-json\/wp\/v2\/categories?post=33963"},{"taxonomy":"post_tag","embeddable":true,"href":"https:\/\/www.sincomam.org.br\/index.php\/wp-json\/wp\/v2\/tags?post=33963"}],"curies":[{"name":"wp","href":"https:\/\/api.w.org\/{rel}","templated":true}]}}