{"id":33957,"date":"2021-02-22T09:25:50","date_gmt":"2021-02-22T12:25:50","guid":{"rendered":"http:\/\/www.sincomam.org.br\/?p=33957"},"modified":"2021-02-22T09:25:50","modified_gmt":"2021-02-22T12:25:50","slug":"com-enchente-dengue-e-covid-19-acre-chega-ao-6o-dia-em-situacao-de-emergencia","status":"publish","type":"post","link":"https:\/\/www.sincomam.org.br\/index.php\/com-enchente-dengue-e-covid-19-acre-chega-ao-6o-dia-em-situacao-de-emergencia\/","title":{"rendered":"Com enchente, dengue e covid-19, Acre chega ao 6\u00ba dia em situa\u00e7\u00e3o de emerg\u00eancia"},"content":{"rendered":"<p><strong><em>A situa\u00e7\u00e3o preocupa o governo diante da previs\u00e3o de chuva intensa para a pr\u00f3xima semana em meio a um per\u00edodo de cheias, conhecido como &#8220;inverno amaz\u00f4nico&#8221;, o que poderia causar at\u00e9 mesmo o isolamento estadual por vias terrestres<\/em><\/strong><\/p>\n<p>O Acre chegou ao sexto dia do decreto de situa\u00e7\u00e3o de emerg\u00eancia neste domingo, 21, em meio a um cen\u00e1rio de enchente recorde, surto de dengue, pandemia da covid-19 e crise migrat\u00f3ria na fronteira com o Peru. Pelo menos 130 mil pessoas foram atingidas pelas cheias dos rios e, segundo um balan\u00e7o estadual, 1.354 fam\u00edlias est\u00e3o desalojadas ou desabrigadas.<\/p>\n<p>A situa\u00e7\u00e3o preocupa o governo diante da previs\u00e3o de chuva intensa para a pr\u00f3xima semana em meio a um per\u00edodo de cheias, conhecido como &#8220;inverno amaz\u00f4nico&#8221;, o que poderia causar at\u00e9 mesmo o isolamento estadual por vias terrestres. Localmente, a situa\u00e7\u00e3o j\u00e1 \u00e9 considerada uma das mais graves da hist\u00f3ria do Acre.<\/p>\n<p>No caso das cheias, ao menos dez munic\u00edpios foram atingidos, incluindo a capital, Rio Branco. Os demais s\u00e3o: Cruzeiro do Sul, M\u00e2ncio Lima, Tarauac\u00e1, Sena Madureira, Santa Rosa do Purus, Porto Walter, Feij\u00f3, Jord\u00e3o e Rodrigues Alves. A enchente tamb\u00e9m afetou planta\u00e7\u00f5es ribeirinhas, causando preju\u00edzos.<\/p>\n<p>Na capital, o Rio Acre chegou a 15,77 metros na quarta-feira, 17, dois metros acima do n\u00edvel de transbordamento, atingindo ao menos dez bairros. Em Tarauac\u00e1, estima-se que 90% do munic\u00edpio foi afetado pela cheia do rio de mesmo nome. J\u00e1 em Cruzeiro do Sul e Rodrigues Alves, o n\u00edvel do rio Juru\u00e1 \u00e9 considerado o maior j\u00e1 registrado.<\/p>\n<p>Em rela\u00e7\u00e3o \u00e0 pandemia, o Estado tamb\u00e9m est\u00e1 em n\u00edvel de emerg\u00eancia (cuja classifica\u00e7\u00e3o local \u00e9 a cor vermelha) desde 1\u00ba de fevereiro, com reavalia\u00e7\u00e3o prevista para esta segunda-feira, 22. O governo Gladson Cameli (PP) j\u00e1 fala em temor por um poss\u00edvel colapso do sistema de sa\u00fade.<\/p>\n<p>No balan\u00e7o de s\u00e1bado, a Secretaria de Estado de Sa\u00fade registrou 181 novos casos de coronav\u00edrus em 24 horas, chegando a um total de 54.743, dos quais 24.552 est\u00e3o concentrados na capital. Outros 680 est\u00e3o em an\u00e1lise. No mesmo per\u00edodo, foram registrados seis novos \u00f3bitos, o que elevou para 957 o registro de mortes desde o in\u00edcio da pandemia.<\/p>\n<p>No s\u00e1bado, o Estado estava com 357 pacientes internados com S\u00edndrome Respirat\u00f3ria Aguda Grave, dos quais 278 tinham teste positivo para covid-19. Na rede de refer\u00eancia do Sistema \u00danico de Sa\u00fade (SUS), a ocupa\u00e7\u00e3o \u00e9 de 91,1% nas UTIs e de 85% nos leitos cl\u00ednicos. A m\u00e9dia \u00e9 ainda mais alta em alguns hospitais de refer\u00eancia, como o Geral de Cl\u00ednicas de Rio Branco, que estava com 96% de ocupa\u00e7\u00e3o no \u00faltimo balan\u00e7o.<\/p>\n<p>Ainda no setor sanit\u00e1rio, o Acre enfrenta um surto de dengue. Segundo o governo, cerca de 80% dos atendidos nas Unidades de Pronto Atendimento (UPAs) de Rio Branco s\u00e3o de pacientes com a doen\u00e7a. Na capital, h\u00e1 8,6 mil casos suspeitos e 1,5 mil confirmados.<\/p>\n<p>O Acre enfrenta ainda uma crise migrat\u00f3ria na fronteira com o Peru. Cerca de 400 imigrantes, a maioria do Haiti e da Venezuela, est\u00e3o acampados nas proximidades da Ponte da Amizade desde o dia 13. Eles reivindicam o retorno para os pa\u00edses de origem, o que n\u00e3o \u00e9 poss\u00edvel por causa do fechamento de fronteiras motivado pela pandemia. &#8220;A reten\u00e7\u00e3o dos estrangeiros em Assis Brasil preocupa autoridades e moradores do munic\u00edpio com um poss\u00edvel aumento nos casos de coronav\u00edrus&#8221;, alertou o governo estadual.<\/p>\n<p>No s\u00e1bado, o Estado lan\u00e7ou uma campanha para pedir doa\u00e7\u00f5es de itens essenciais, como colch\u00f5es e cestas b\u00e1sicas, na qual destaca: &#8220;O Acre precisa agora de todo o Brasil&#8221;.<\/p>\n<p>Fonte: Correio Braziliense<\/p>\n<p>Foto: S\u00e9rgio Vale\/Ag\u00eancia de Not\u00edcias do Acre<\/p>\n","protected":false},"excerpt":{"rendered":"<p>A situa\u00e7\u00e3o preocupa o governo diante da previs\u00e3o de chuva intensa para a pr\u00f3xima semana em meio a um per\u00edodo de cheias, conhecido como &#8220;inverno&#8230;<\/p>\n","protected":false},"author":1182,"featured_media":33958,"comment_status":"closed","ping_status":"closed","sticky":false,"template":"","format":"standard","meta":{"footnotes":""},"categories":[6],"tags":[2548,61,2484,2751,1788,4357,660,722,1476,2888,2988,4358,4359,2969,4360,2755,4297,1332,519],"class_list":["post-33957","post","type-post","status-publish","format-standard","has-post-thumbnail","hentry","category-noticias","tag-acre","tag-brasil","tag-chuvas","tag-covid-19","tag-crise","tag-dengue","tag-emergencia","tag-enchente","tag-estado","tag-hospital","tag-infectado","tag-inverno-amazonico","tag-isolamento","tag-lotacao","tag-migracao","tag-pandemia","tag-peru","tag-rios","tag-saude"],"_links":{"self":[{"href":"https:\/\/www.sincomam.org.br\/index.php\/wp-json\/wp\/v2\/posts\/33957","targetHints":{"allow":["GET"]}}],"collection":[{"href":"https:\/\/www.sincomam.org.br\/index.php\/wp-json\/wp\/v2\/posts"}],"about":[{"href":"https:\/\/www.sincomam.org.br\/index.php\/wp-json\/wp\/v2\/types\/post"}],"author":[{"embeddable":true,"href":"https:\/\/www.sincomam.org.br\/index.php\/wp-json\/wp\/v2\/users\/1182"}],"replies":[{"embeddable":true,"href":"https:\/\/www.sincomam.org.br\/index.php\/wp-json\/wp\/v2\/comments?post=33957"}],"version-history":[{"count":1,"href":"https:\/\/www.sincomam.org.br\/index.php\/wp-json\/wp\/v2\/posts\/33957\/revisions"}],"predecessor-version":[{"id":33959,"href":"https:\/\/www.sincomam.org.br\/index.php\/wp-json\/wp\/v2\/posts\/33957\/revisions\/33959"}],"wp:featuredmedia":[{"embeddable":true,"href":"https:\/\/www.sincomam.org.br\/index.php\/wp-json\/wp\/v2\/media\/33958"}],"wp:attachment":[{"href":"https:\/\/www.sincomam.org.br\/index.php\/wp-json\/wp\/v2\/media?parent=33957"}],"wp:term":[{"taxonomy":"category","embeddable":true,"href":"https:\/\/www.sincomam.org.br\/index.php\/wp-json\/wp\/v2\/categories?post=33957"},{"taxonomy":"post_tag","embeddable":true,"href":"https:\/\/www.sincomam.org.br\/index.php\/wp-json\/wp\/v2\/tags?post=33957"}],"curies":[{"name":"wp","href":"https:\/\/api.w.org\/{rel}","templated":true}]}}