{"id":33955,"date":"2021-02-22T09:09:51","date_gmt":"2021-02-22T12:09:51","guid":{"rendered":"http:\/\/www.sincomam.org.br\/?p=33955"},"modified":"2021-02-22T09:09:51","modified_gmt":"2021-02-22T12:09:51","slug":"incendio-atinge-plataforma-na-bacia-de-campos-e-deixa-ferido","status":"publish","type":"post","link":"https:\/\/www.sincomam.org.br\/index.php\/incendio-atinge-plataforma-na-bacia-de-campos-e-deixa-ferido\/","title":{"rendered":"Inc\u00eandio atinge plataforma na Bacia de Campos e deixa ferido"},"content":{"rendered":"<p><strong><em>Petrobras diz que ocorr\u00eancia aconteceu durante atividade de manuten\u00e7\u00e3o em uma tubula\u00e7\u00e3o; Causas do acidente ainda n\u00e3o foram divulgadas<\/em><\/strong><\/p>\n<p>A Petrobras informou, ontem (21), que controlou um princ\u00edpio de inc\u00eandio na plataforma P-48, localizada no campo de Caratinga, na Bacia de Campos. O acidente ocorreu neste s\u00e1bado (20). Segundo a empresa, um trabalhador chegou a sofrer queimaduras leves, foi atendido na enfermaria da plataforma e desembarcado de forma preventiva.<\/p>\n<p>A estatal classifica a ocorr\u00eancia como um princ\u00edpio de inc\u00eandio, que se deu durante atividade de manuten\u00e7\u00e3o em uma tubula\u00e7\u00e3o. O trabalhador que se feriu realizava essa atividade e, de acordo com a empresa, est\u00e1 bem e em casa. A Petrobras afirma ainda que o princ\u00edpio de inc\u00eandio foi debelado imediatamente pela equipe de resposta a emerg\u00eancias da plataforma.<\/p>\n<p>A produ\u00e7\u00e3o na plataforma teve que ser interrompida para avalia\u00e7\u00e3o das causas do acidente e reparo da tubula\u00e7\u00e3o, mas n\u00e3o houve danos a sistemas ou equipamentos.<\/p>\n<p>A Federa\u00e7\u00e3o \u00danica dos Petroleiros (FUP) informou que o Sindicato dos Petroleiros do Norte Fluminense (Sindipetro-NF) vai solicitar participa\u00e7\u00e3o na comiss\u00e3o de acidente para acompanhar a investiga\u00e7\u00e3o das causas do inc\u00eandio, que a federa\u00e7\u00e3o classifica como &#8220;de grandes propor\u00e7\u00f5es&#8221;.<\/p>\n<p>A FUP afirma que a brigada de inc\u00eandio levou cerca de uma hora e meia para debelar o fogo e que, segundo relatos, o trabalhador teria sofrido queimaduras no pesco\u00e7o, ombros, bra\u00e7os e costas.<\/p>\n<p>Fonte: Ag\u00eancia Brasil<\/p>\n<p><strong>Leia tamb\u00e9m: <a href=\"https:\/\/www.sincomam.org.br\/index.php\/petrobras-sobe-preco-da-gasolina-pela-4a-vez-no-ano-diesel-tem-3a-alta\/\" target=\"_blank\" rel=\"noopener noreferrer\">Petrobras sobe pre\u00e7o da gasolina pela 4\u00aa vez no ano; Diesel tem 3\u00aa alta<\/a><\/strong><\/p>\n","protected":false},"excerpt":{"rendered":"<p>Petrobras diz que ocorr\u00eancia aconteceu durante atividade de manuten\u00e7\u00e3o em uma tubula\u00e7\u00e3o; Causas do acidente ainda n\u00e3o foram divulgadas A Petrobras informou, ontem (21), que&#8230;<\/p>\n","protected":false},"author":1182,"featured_media":5536,"comment_status":"closed","ping_status":"closed","sticky":false,"template":"","format":"standard","meta":{"footnotes":""},"categories":[6],"tags":[],"class_list":["post-33955","post","type-post","status-publish","format-standard","has-post-thumbnail","hentry","category-noticias"],"_links":{"self":[{"href":"https:\/\/www.sincomam.org.br\/index.php\/wp-json\/wp\/v2\/posts\/33955","targetHints":{"allow":["GET"]}}],"collection":[{"href":"https:\/\/www.sincomam.org.br\/index.php\/wp-json\/wp\/v2\/posts"}],"about":[{"href":"https:\/\/www.sincomam.org.br\/index.php\/wp-json\/wp\/v2\/types\/post"}],"author":[{"embeddable":true,"href":"https:\/\/www.sincomam.org.br\/index.php\/wp-json\/wp\/v2\/users\/1182"}],"replies":[{"embeddable":true,"href":"https:\/\/www.sincomam.org.br\/index.php\/wp-json\/wp\/v2\/comments?post=33955"}],"version-history":[{"count":1,"href":"https:\/\/www.sincomam.org.br\/index.php\/wp-json\/wp\/v2\/posts\/33955\/revisions"}],"predecessor-version":[{"id":33956,"href":"https:\/\/www.sincomam.org.br\/index.php\/wp-json\/wp\/v2\/posts\/33955\/revisions\/33956"}],"wp:featuredmedia":[{"embeddable":true,"href":"https:\/\/www.sincomam.org.br\/index.php\/wp-json\/wp\/v2\/media\/5536"}],"wp:attachment":[{"href":"https:\/\/www.sincomam.org.br\/index.php\/wp-json\/wp\/v2\/media?parent=33955"}],"wp:term":[{"taxonomy":"category","embeddable":true,"href":"https:\/\/www.sincomam.org.br\/index.php\/wp-json\/wp\/v2\/categories?post=33955"},{"taxonomy":"post_tag","embeddable":true,"href":"https:\/\/www.sincomam.org.br\/index.php\/wp-json\/wp\/v2\/tags?post=33955"}],"curies":[{"name":"wp","href":"https:\/\/api.w.org\/{rel}","templated":true}]}}