{"id":33950,"date":"2021-02-19T11:51:08","date_gmt":"2021-02-19T14:51:08","guid":{"rendered":"http:\/\/www.sincomam.org.br\/?p=33950"},"modified":"2021-02-19T11:51:08","modified_gmt":"2021-02-19T14:51:08","slug":"governo-anuncia-imposto-federal-zerado-para-diesel-e-gas-de-cozinha","status":"publish","type":"post","link":"https:\/\/www.sincomam.org.br\/index.php\/governo-anuncia-imposto-federal-zerado-para-diesel-e-gas-de-cozinha\/","title":{"rendered":"Governo anuncia imposto federal zerado para diesel e g\u00e1s de cozinha"},"content":{"rendered":"<p><strong><em>Medida vale a partir de 1\u00ba de mar\u00e7o e, no caso do diesel, dura 2 meses<\/em><\/strong><\/p>\n<p>O presidente Jair Bolsonaro anunciou nessa quinta-feira (18), durante sua live semanal nas redes sociais, que vai zerar, por dois meses, a partir de primeiro de mar\u00e7o, os impostos federais que incidem no valor final do diesel.<\/p>\n<p>Segundo o presidente, a medida \u00e9 para compensar os reajustes no pre\u00e7o do combust\u00edvel e tamb\u00e9m para pensar numa solu\u00e7\u00e3o definitiva em rela\u00e7\u00e3o \u00e0 cobran\u00e7a de impostos.<\/p>\n<p><em>\u201cA partir de primeiro de mar\u00e7o n\u00e3o haver\u00e1 qualquer imposto federal no diesel por dois meses. Por que por dois meses? Porque nesses dois meses n\u00f3s vamos estudar uma maneira definitiva de buscar zerar esse imposto no diesel. At\u00e9 para ajudar a contrabalancear esse aumento excessivo, mas eu n\u00e3o posso interferir, mas alguma coisa vai acontecer na Petrobras nos pr\u00f3ximos dias\u201d, disse Bolsonaro.<\/em><\/p>\n<p>O presidente tamb\u00e9m anunciou que vai zerar os impostos federais sobre o g\u00e1s de cozinha a partir de primeiro de mar\u00e7o.<\/p>\n<p><em>\u201cA partir de primeiro de mar\u00e7o n\u00e3o haver\u00e1 qualquer tributo federal no g\u00e1s de cozinha, Ad Eternum. O g\u00e1s de cozinha est\u00e1 em m\u00e9dia R$ 90 l\u00e1 na ponta da linha, para o consumidor, e o pre\u00e7o na origem est\u00e1 um pouco abaixo de R$ 40. Ent\u00e3o se est\u00e1 R$90, R$50 \u00e9 de ICMS, distribui\u00e7\u00e3o e a margem de lucro de quem est\u00e1 na ponta da linha\u201d, refor\u00e7ou Bolsonaro.<\/em><\/p>\n<p>Os impostos federais que incidem sobre os combust\u00edveis s\u00e3o CIDE, PIS e Cofins. O presidente Jair Bolsonaro ainda n\u00e3o informou como ser\u00e1 feita a compensa\u00e7\u00e3o desses tributos.<\/p>\n<p>Fonte: Ag\u00eancia Brasil<\/p>\n","protected":false},"excerpt":{"rendered":"<p>Medida vale a partir de 1\u00ba de mar\u00e7o e, no caso do diesel, dura 2 meses O presidente Jair Bolsonaro anunciou nessa quinta-feira (18), durante&#8230;<\/p>\n","protected":false},"author":1182,"featured_media":33951,"comment_status":"closed","ping_status":"closed","sticky":false,"template":"","format":"standard","meta":{"footnotes":""},"categories":[6],"tags":[3196,111,4331,192,1370,4356],"class_list":["post-33950","post","type-post","status-publish","format-standard","has-post-thumbnail","hentry","category-noticias","tag-bolsonaro","tag-diesel","tag-gas-de-cozinha","tag-governo","tag-imposto","tag-zero"],"_links":{"self":[{"href":"https:\/\/www.sincomam.org.br\/index.php\/wp-json\/wp\/v2\/posts\/33950","targetHints":{"allow":["GET"]}}],"collection":[{"href":"https:\/\/www.sincomam.org.br\/index.php\/wp-json\/wp\/v2\/posts"}],"about":[{"href":"https:\/\/www.sincomam.org.br\/index.php\/wp-json\/wp\/v2\/types\/post"}],"author":[{"embeddable":true,"href":"https:\/\/www.sincomam.org.br\/index.php\/wp-json\/wp\/v2\/users\/1182"}],"replies":[{"embeddable":true,"href":"https:\/\/www.sincomam.org.br\/index.php\/wp-json\/wp\/v2\/comments?post=33950"}],"version-history":[{"count":1,"href":"https:\/\/www.sincomam.org.br\/index.php\/wp-json\/wp\/v2\/posts\/33950\/revisions"}],"predecessor-version":[{"id":33952,"href":"https:\/\/www.sincomam.org.br\/index.php\/wp-json\/wp\/v2\/posts\/33950\/revisions\/33952"}],"wp:featuredmedia":[{"embeddable":true,"href":"https:\/\/www.sincomam.org.br\/index.php\/wp-json\/wp\/v2\/media\/33951"}],"wp:attachment":[{"href":"https:\/\/www.sincomam.org.br\/index.php\/wp-json\/wp\/v2\/media?parent=33950"}],"wp:term":[{"taxonomy":"category","embeddable":true,"href":"https:\/\/www.sincomam.org.br\/index.php\/wp-json\/wp\/v2\/categories?post=33950"},{"taxonomy":"post_tag","embeddable":true,"href":"https:\/\/www.sincomam.org.br\/index.php\/wp-json\/wp\/v2\/tags?post=33950"}],"curies":[{"name":"wp","href":"https:\/\/api.w.org\/{rel}","templated":true}]}}