{"id":33947,"date":"2021-02-19T11:39:56","date_gmt":"2021-02-19T14:39:56","guid":{"rendered":"http:\/\/www.sincomam.org.br\/?p=33947"},"modified":"2021-02-19T11:40:54","modified_gmt":"2021-02-19T14:40:54","slug":"navio-de-131-mil-teus-da-maersk-perde-centenas-de-conteineres-no-mar-no-pacifico","status":"publish","type":"post","link":"https:\/\/www.sincomam.org.br\/index.php\/navio-de-131-mil-teus-da-maersk-perde-centenas-de-conteineres-no-mar-no-pacifico\/","title":{"rendered":"Navio de 13,1 mil TEUs da Maersk perde centenas de cont\u00eaineres no mar no Pac\u00edfico"},"content":{"rendered":"<p><strong><em>\u00c9 o sexto incidente relatado de cont\u00eainereS perdidOs no mar desde 30 de novembro<\/em><\/strong><\/p>\n<p>O &#8220;Maersk Eindhoven&#8221; de 13,1 mil TEUs, sofreu um blecaute nesta quarta-feira (18) durante a viagem para a Calif\u00f3rnia. Como consequ\u00eancia, perdeu centenas de cont\u00eaineres ao mar, devido ao mau tempo.<\/p>\n<p>O acidente aconteceu perto do Jap\u00e3o, quando o navio de 11 anos fez o seu caminho de Xiamen, na China, para Los Angeles. As informa\u00e7\u00f5es s\u00e3o de que tripula\u00e7\u00e3o est\u00e1 segura e a propuls\u00e3o foi restaurada. \u00c9 o sexto incidente relatado de cont\u00eainereS perdidOs no mar desde 30 de novembro.<\/p>\n<p>Em janeiro, cerca de 750 cont\u00eaineres ca\u00edram do &#8220;Maersk Essen&#8221;, g\u00eameo do &#8220;Maersk Eindhoven&#8221;, em acidente tamb\u00e9m na linha Xiamen a Los Angeles.<\/p>\n<p>Fonte: Jornal Portu\u00e1rio \/ Foto: divulga\u00e7\u00e3o<\/p>\n","protected":false},"excerpt":{"rendered":"<p>\u00c9 o sexto incidente relatado de cont\u00eainereS perdidOs no mar desde 30 de novembro O &#8220;Maersk Eindhoven&#8221; de 13,1 mil TEUs, sofreu um blecaute nesta&#8230;<\/p>\n","protected":false},"author":1182,"featured_media":33824,"comment_status":"closed","ping_status":"closed","sticky":false,"template":"","format":"standard","meta":{"footnotes":""},"categories":[6],"tags":[585,437,50,47,582],"class_list":["post-33947","post","type-post","status-publish","format-standard","has-post-thumbnail","hentry","category-noticias","tag-conteineres","tag-maersk","tag-mar","tag-navio","tag-perda"],"_links":{"self":[{"href":"https:\/\/www.sincomam.org.br\/index.php\/wp-json\/wp\/v2\/posts\/33947","targetHints":{"allow":["GET"]}}],"collection":[{"href":"https:\/\/www.sincomam.org.br\/index.php\/wp-json\/wp\/v2\/posts"}],"about":[{"href":"https:\/\/www.sincomam.org.br\/index.php\/wp-json\/wp\/v2\/types\/post"}],"author":[{"embeddable":true,"href":"https:\/\/www.sincomam.org.br\/index.php\/wp-json\/wp\/v2\/users\/1182"}],"replies":[{"embeddable":true,"href":"https:\/\/www.sincomam.org.br\/index.php\/wp-json\/wp\/v2\/comments?post=33947"}],"version-history":[{"count":2,"href":"https:\/\/www.sincomam.org.br\/index.php\/wp-json\/wp\/v2\/posts\/33947\/revisions"}],"predecessor-version":[{"id":33949,"href":"https:\/\/www.sincomam.org.br\/index.php\/wp-json\/wp\/v2\/posts\/33947\/revisions\/33949"}],"wp:featuredmedia":[{"embeddable":true,"href":"https:\/\/www.sincomam.org.br\/index.php\/wp-json\/wp\/v2\/media\/33824"}],"wp:attachment":[{"href":"https:\/\/www.sincomam.org.br\/index.php\/wp-json\/wp\/v2\/media?parent=33947"}],"wp:term":[{"taxonomy":"category","embeddable":true,"href":"https:\/\/www.sincomam.org.br\/index.php\/wp-json\/wp\/v2\/categories?post=33947"},{"taxonomy":"post_tag","embeddable":true,"href":"https:\/\/www.sincomam.org.br\/index.php\/wp-json\/wp\/v2\/tags?post=33947"}],"curies":[{"name":"wp","href":"https:\/\/api.w.org\/{rel}","templated":true}]}}