{"id":33937,"date":"2021-02-19T10:47:30","date_gmt":"2021-02-19T13:47:30","guid":{"rendered":"http:\/\/www.sincomam.org.br\/?p=33937"},"modified":"2021-02-19T13:37:27","modified_gmt":"2021-02-19T16:37:27","slug":"petrobras-coloca-a-venda-o-polo-carmopolis","status":"publish","type":"post","link":"https:\/\/www.sincomam.org.br\/index.php\/petrobras-coloca-a-venda-o-polo-carmopolis\/","title":{"rendered":"Petrobras coloca \u00e0 venda o Polo Carm\u00f3polis"},"content":{"rendered":"<p><strong><em>Companhia refor\u00e7a que opera\u00e7\u00e3o est\u00e1 alinhada com a estrat\u00e9gia de concentrar seus recursos em ativos em \u00e1guas profundas e ultra profundas<\/em><\/strong><\/p>\n<p>A Petrobras informou, em comunicado ao mercado nesta sexta-feira (19), o in\u00edcio da fase vinculante referente \u00e0 venda da totalidade de suas participa\u00e7\u00f5es em um conjunto de 11 concess\u00f5es de campos de produ\u00e7\u00e3o terrestres, denominados de Polo Carm\u00f3polis, em Sergipe.<\/p>\n<p>\u201cOs potenciais compradores habilitados para essa fase receber\u00e3o carta-convite com instru\u00e7\u00f5es detalhadas sobre o processo de desinvestimento, incluindo as orienta\u00e7\u00f5es para a realiza\u00e7\u00e3o de <em>due diligence<\/em> e para o envio das propostas vinculantes\u201d, disse a Estatal, em nota.<\/p>\n<p>O Polo Carm\u00f3polis compreende 11 concess\u00f5es de produ\u00e7\u00e3o terrestres, localizadas em diferentes munic\u00edpios do estado de Sergipe, al\u00e9m de incluir acesso \u00e0 infraestrutura de processamento, escoamento, armazenamento e transporte de petr\u00f3leo e g\u00e1s natural.<\/p>\n<p>A companhia informou, ainda, que fazem parte do Polo Carm\u00f3polis, o Polo Atalaia, que cont\u00e9m, dentre outros ativos, o Terminal Aquavi\u00e1rio de Aracaju (Tecarmo) e o Oleoduto Bonsucesso-Atalaia, que escoa a produ\u00e7\u00e3o de \u00f3leo das concess\u00f5es at\u00e9 o Tecarmo.<\/p>\n<p>No ano de 2020, a produ\u00e7\u00e3o m\u00e9dia do Polo foi de 10 mil barris de \u00f3leo por dia e de 67 mil m3\/dia de g\u00e1s. A Petrobras \u00e9 a operadora nesses campos, com 100% de participa\u00e7\u00e3o.<\/p>\n","protected":false},"excerpt":{"rendered":"<p>Companhia refor\u00e7a que opera\u00e7\u00e3o est\u00e1 alinhada com a estrat\u00e9gia de concentrar seus recursos em ativos em \u00e1guas profundas e ultra profundas A Petrobras informou, em&#8230;<\/p>\n","protected":false},"author":1182,"featured_media":17775,"comment_status":"closed","ping_status":"closed","sticky":false,"template":"","format":"standard","meta":{"footnotes":""},"categories":[6],"tags":[4351,58,397,71],"class_list":["post-33937","post","type-post","status-publish","format-standard","has-post-thumbnail","hentry","category-noticias","tag-carmopolis","tag-petrobras","tag-polo","tag-venda"],"_links":{"self":[{"href":"https:\/\/www.sincomam.org.br\/index.php\/wp-json\/wp\/v2\/posts\/33937","targetHints":{"allow":["GET"]}}],"collection":[{"href":"https:\/\/www.sincomam.org.br\/index.php\/wp-json\/wp\/v2\/posts"}],"about":[{"href":"https:\/\/www.sincomam.org.br\/index.php\/wp-json\/wp\/v2\/types\/post"}],"author":[{"embeddable":true,"href":"https:\/\/www.sincomam.org.br\/index.php\/wp-json\/wp\/v2\/users\/1182"}],"replies":[{"embeddable":true,"href":"https:\/\/www.sincomam.org.br\/index.php\/wp-json\/wp\/v2\/comments?post=33937"}],"version-history":[{"count":1,"href":"https:\/\/www.sincomam.org.br\/index.php\/wp-json\/wp\/v2\/posts\/33937\/revisions"}],"predecessor-version":[{"id":33938,"href":"https:\/\/www.sincomam.org.br\/index.php\/wp-json\/wp\/v2\/posts\/33937\/revisions\/33938"}],"wp:featuredmedia":[{"embeddable":true,"href":"https:\/\/www.sincomam.org.br\/index.php\/wp-json\/wp\/v2\/media\/17775"}],"wp:attachment":[{"href":"https:\/\/www.sincomam.org.br\/index.php\/wp-json\/wp\/v2\/media?parent=33937"}],"wp:term":[{"taxonomy":"category","embeddable":true,"href":"https:\/\/www.sincomam.org.br\/index.php\/wp-json\/wp\/v2\/categories?post=33937"},{"taxonomy":"post_tag","embeddable":true,"href":"https:\/\/www.sincomam.org.br\/index.php\/wp-json\/wp\/v2\/tags?post=33937"}],"curies":[{"name":"wp","href":"https:\/\/api.w.org\/{rel}","templated":true}]}}