{"id":33911,"date":"2021-02-18T11:23:54","date_gmt":"2021-02-18T14:23:54","guid":{"rendered":"http:\/\/www.sincomam.org.br\/?p=33911"},"modified":"2021-02-18T11:23:54","modified_gmt":"2021-02-18T14:23:54","slug":"petrobras-sobe-preco-da-gasolina-pela-4a-vez-no-ano-diesel-tem-3a-alta","status":"publish","type":"post","link":"https:\/\/www.sincomam.org.br\/index.php\/petrobras-sobe-preco-da-gasolina-pela-4a-vez-no-ano-diesel-tem-3a-alta\/","title":{"rendered":"Petrobras sobe pre\u00e7o da gasolina pela 4\u00aa vez no ano; diesel tem 3\u00aa alta"},"content":{"rendered":"<p><strong><em>Litro da gasolina nas refinarias acumula alta de 34,78% desde o in\u00edcio do ano. J\u00e1 o diesel subiu 27,72% no mesmo per\u00edodo<\/em><\/strong><\/p>\n<p>A Petrobras anunciou nesta quinta-feira (18) mais um aumento dos pre\u00e7os m\u00e9dios de venda \u00e0s distribuidoras da gasolina e do diesel, que ir\u00e3o vigorar a partir de sexta-feira (19), segundo comunicado da estatal.<\/p>\n<p>O pre\u00e7o m\u00e9dio de venda de gasolina nas refinarias da Petrobras passar\u00e1 a ser de R$ 2,48 por litro, refletindo aumento m\u00e9dio de R$ 0,23 por litro. J\u00e1 o pre\u00e7o m\u00e9dio de venda de diesel passar\u00e1 a ser de R$ 2,58 por litro, refletindo aumento m\u00e9dio de R$ 0,34 por litro.<\/p>\n<p>\u00c9 a quarta alta do ano nos pre\u00e7os da gasolina, e a terceira no valor do litro do diesel. Em dezembro, o litro da gasolina custava em m\u00e9dia R$ 1,84. J\u00e1 o do diesel sa\u00eda a R$ 2,02.<\/p>\n<p>Nos postos, a gasolina est\u00e1 5,8% mais cara desde a primeira semana do ano, vendida a R$ 4,833 na m\u00e9dia, segundo pesquisa semanal da Ag\u00eancia Nacional de Petr\u00f3leo, G\u00e1s Natural e Biocombust\u00edveis (ANP). J\u00e1 o diesel era vendido a um pre\u00e7o m\u00e9dio de R$ 3,875 o litro nas bombas.<\/p>\n<p><strong>Pol\u00edtica de pre\u00e7os<\/strong><\/p>\n<p>No in\u00edcio do m\u00eas, a petroleira divulgou comunicado para reafirmar que n\u00e3o houve altera\u00e7\u00e3o no alinhamento dos seus pre\u00e7os de combust\u00edveis em rela\u00e7\u00e3o ao praticado no mercado internacional.<\/p>\n<p>Em nota nesta quinta, a Petrobras afirma que esse alinhamento &#8220;\u00e9 fundamental para garantir que o mercado brasileiro siga sendo suprido sem riscos de desabastecimento pelos diferentes atores respons\u00e1veis pelo atendimento \u00e0s diversas regi\u00f5es brasileiras&#8221;.<\/p>\n<p>Os pre\u00e7os internacionais do petr\u00f3leo atingiram nesta quarta-feira os maiores n\u00edveis desde janeiro do ano passado. O barril do tipo Brent fechou em alta de 1,6%, a US$ 61,14, enquanto o petr\u00f3leo dos EUA (WTI) avan\u00e7ou 1,8%, para US$ 61,14.<\/p>\n<p>A estatal tentou amenizar o impacto das altas no bolso dos brasileiros, citando o pre\u00e7o pago pelos combust\u00edveis internacionalmente. Em nota, destacou que, segundo pesquisa da Globalpetrolprices.com abrangendo 167 pa\u00edses, &#8220;o pre\u00e7o m\u00e9dio da gasolina ao consumidor final no Brasil est\u00e1 17% inferior \u00e0 m\u00e9dia global e ocupa a 56\u00aa posi\u00e7\u00e3o do ranking sendo, portanto, inferior aos pre\u00e7os observados em 111 pa\u00edses&#8221;.<\/p>\n<p>Para o diesel, em uma amostragem de 166 pa\u00edses, o pre\u00e7o final no Brasil est\u00e1 28% inferior \u00e0 m\u00e9dia global, segundo a estatal, o que coloca o pa\u00eds na 43\u00aa posi\u00e7\u00e3o do ranking, com um pre\u00e7o inferior a 123 pa\u00edses.<\/p>\n<p><strong>Governo quer mudan\u00e7as em tributos<\/strong><\/p>\n<p>Diante de reclama\u00e7\u00f5es do setor de transporte sobre o valor dos combust\u00edveis, o governo vem falando em alterar a estrutura de tributa\u00e7\u00e3o do setor. No \u00faltimo dia 5, o presidente Jair Bolsonaro afirmou que o governo avalia um projeto para estabelecer um valor fixo do ICMS sobre combust\u00edveis ou a incid\u00eancia do ICMS sobre o pre\u00e7o dos combust\u00edveis nas refinarias.<\/p>\n<p>O presidente afirmou que o governo est\u00e1 fazendo estudos sobre as mudan\u00e7as no ICMS e que, se ficar comprovada a viabilidade jur\u00eddica, apresentar\u00e1 um projeto sobre o tema ao Congresso na semana que vem.<\/p>\n<p>De acordo com o presidente, o valor do ICMS fixo seria decidido pelos governos estaduais, junto com as assembleias legislativas.<\/p>\n<p>Fonte: G1<\/p>\n","protected":false},"excerpt":{"rendered":"<p>Litro da gasolina nas refinarias acumula alta de 34,78% desde o in\u00edcio do ano. J\u00e1 o diesel subiu 27,72% no mesmo per\u00edodo A Petrobras anunciou&#8230;<\/p>\n","protected":false},"author":1182,"featured_media":4688,"comment_status":"closed","ping_status":"closed","sticky":false,"template":"","format":"standard","meta":{"footnotes":""},"categories":[6],"tags":[4350,3867,765,58,298],"class_list":["post-33911","post","type-post","status-publish","format-standard","has-post-thumbnail","hentry","category-noticias","tag-diesell","tag-distribuidora","tag-gasolina","tag-petrobras","tag-preco"],"_links":{"self":[{"href":"https:\/\/www.sincomam.org.br\/index.php\/wp-json\/wp\/v2\/posts\/33911","targetHints":{"allow":["GET"]}}],"collection":[{"href":"https:\/\/www.sincomam.org.br\/index.php\/wp-json\/wp\/v2\/posts"}],"about":[{"href":"https:\/\/www.sincomam.org.br\/index.php\/wp-json\/wp\/v2\/types\/post"}],"author":[{"embeddable":true,"href":"https:\/\/www.sincomam.org.br\/index.php\/wp-json\/wp\/v2\/users\/1182"}],"replies":[{"embeddable":true,"href":"https:\/\/www.sincomam.org.br\/index.php\/wp-json\/wp\/v2\/comments?post=33911"}],"version-history":[{"count":1,"href":"https:\/\/www.sincomam.org.br\/index.php\/wp-json\/wp\/v2\/posts\/33911\/revisions"}],"predecessor-version":[{"id":33912,"href":"https:\/\/www.sincomam.org.br\/index.php\/wp-json\/wp\/v2\/posts\/33911\/revisions\/33912"}],"wp:featuredmedia":[{"embeddable":true,"href":"https:\/\/www.sincomam.org.br\/index.php\/wp-json\/wp\/v2\/media\/4688"}],"wp:attachment":[{"href":"https:\/\/www.sincomam.org.br\/index.php\/wp-json\/wp\/v2\/media?parent=33911"}],"wp:term":[{"taxonomy":"category","embeddable":true,"href":"https:\/\/www.sincomam.org.br\/index.php\/wp-json\/wp\/v2\/categories?post=33911"},{"taxonomy":"post_tag","embeddable":true,"href":"https:\/\/www.sincomam.org.br\/index.php\/wp-json\/wp\/v2\/tags?post=33911"}],"curies":[{"name":"wp","href":"https:\/\/api.w.org\/{rel}","templated":true}]}}