{"id":33909,"date":"2021-02-18T11:04:37","date_gmt":"2021-02-18T14:04:37","guid":{"rendered":"http:\/\/www.sincomam.org.br\/?p=33909"},"modified":"2021-02-18T11:04:37","modified_gmt":"2021-02-18T14:04:37","slug":"porto-do-recife-tem-alta-de-6904-na-movimentacao-de-cargas-de-janeiro","status":"publish","type":"post","link":"https:\/\/www.sincomam.org.br\/index.php\/porto-do-recife-tem-alta-de-6904-na-movimentacao-de-cargas-de-janeiro\/","title":{"rendered":"Porto do Recife tem alta de 69,04% na movimenta\u00e7\u00e3o de cargas de janeiro"},"content":{"rendered":"<p><strong><em>Em n\u00fameros absolutos, a movimenta\u00e7\u00e3o no primeiro m\u00eas do ano foi de 166.041 toneladas<\/em><\/strong><\/p>\n<p>O Porto do Recife registrou crescimento de 69,04% na movimenta\u00e7\u00e3o de cargas em janeiro na compara\u00e7\u00e3o com o mesmo per\u00edodo de 2020. O resultado representa mais do que o dobro do percentual estimado para o m\u00eas, j\u00e1 que a previs\u00e3o era movimentar cerca de 82 mil toneladas de produtos. No entanto, a movimenta\u00e7\u00e3o no primeiro m\u00eas do ano foi de 166.041 toneladas.<\/p>\n<p>Em janeiro de 2020, foram 98.225 toneladas movimentadas. O Porto do Recife recebeu oito embarca\u00e7\u00f5es, que importaram e exportaram seis produtos diferentes.<\/p>\n<p>O a\u00e7\u00facar a granel e em saca foi a carga mais movimentada no ancoradouro recifense em janeiro, com a exporta\u00e7\u00e3o de quase 82 mil toneladas para Rom\u00eania, L\u00edbano e Canad\u00e1. Logo na sequ\u00eancia est\u00e1 a movimenta\u00e7\u00e3o de 34.874 toneladas de malte de cevada belga e argentino que chegaram pelo Porto do Recife para abastecer a ind\u00fastria cervejeira de Pernambuco. Barrilha, fertilizante e trigo tamb\u00e9m passaram pelo ancoradouro, al\u00e9m das pequenas embarca\u00e7\u00f5es que abastecem Fernando de Noronha.<\/p>\n<p><em>&#8220;O ano come\u00e7ou com uma promessa de reequil\u00edbrio. Janeiro j\u00e1 superou as expectativas e a movimenta\u00e7\u00e3o prevista para fevereiro \u00e9 de 117 mil toneladas, n\u00famero j\u00e1 30% superior comparado ao mesmo per\u00edodo do ano passado. A partir de agora, a gente j\u00e1 entende que pode ser mais forte nos avan\u00e7os do Porto, para que ele ganhe mais espa\u00e7o na nossa economia&#8221;, ressaltou Marconi Muzzio, presidente do Porto do Recife.<\/em><\/p>\n<p>Fonte: Di\u00e1rio de Pernambuco<\/p>\n","protected":false},"excerpt":{"rendered":"<p>Em n\u00fameros absolutos, a movimenta\u00e7\u00e3o no primeiro m\u00eas do ano foi de 166.041 toneladas O Porto do Recife registrou crescimento de 69,04% na movimenta\u00e7\u00e3o de&#8230;<\/p>\n","protected":false},"author":1182,"featured_media":5108,"comment_status":"closed","ping_status":"closed","sticky":false,"template":"","format":"standard","meta":{"footnotes":""},"categories":[6],"tags":[191,555,237,80,228],"class_list":["post-33909","post","type-post","status-publish","format-standard","has-post-thumbnail","hentry","category-noticias","tag-cargas","tag-janeiro","tag-movimentacao","tag-porto","tag-recife"],"_links":{"self":[{"href":"https:\/\/www.sincomam.org.br\/index.php\/wp-json\/wp\/v2\/posts\/33909","targetHints":{"allow":["GET"]}}],"collection":[{"href":"https:\/\/www.sincomam.org.br\/index.php\/wp-json\/wp\/v2\/posts"}],"about":[{"href":"https:\/\/www.sincomam.org.br\/index.php\/wp-json\/wp\/v2\/types\/post"}],"author":[{"embeddable":true,"href":"https:\/\/www.sincomam.org.br\/index.php\/wp-json\/wp\/v2\/users\/1182"}],"replies":[{"embeddable":true,"href":"https:\/\/www.sincomam.org.br\/index.php\/wp-json\/wp\/v2\/comments?post=33909"}],"version-history":[{"count":1,"href":"https:\/\/www.sincomam.org.br\/index.php\/wp-json\/wp\/v2\/posts\/33909\/revisions"}],"predecessor-version":[{"id":33910,"href":"https:\/\/www.sincomam.org.br\/index.php\/wp-json\/wp\/v2\/posts\/33909\/revisions\/33910"}],"wp:featuredmedia":[{"embeddable":true,"href":"https:\/\/www.sincomam.org.br\/index.php\/wp-json\/wp\/v2\/media\/5108"}],"wp:attachment":[{"href":"https:\/\/www.sincomam.org.br\/index.php\/wp-json\/wp\/v2\/media?parent=33909"}],"wp:term":[{"taxonomy":"category","embeddable":true,"href":"https:\/\/www.sincomam.org.br\/index.php\/wp-json\/wp\/v2\/categories?post=33909"},{"taxonomy":"post_tag","embeddable":true,"href":"https:\/\/www.sincomam.org.br\/index.php\/wp-json\/wp\/v2\/tags?post=33909"}],"curies":[{"name":"wp","href":"https:\/\/api.w.org\/{rel}","templated":true}]}}