{"id":33906,"date":"2021-02-18T10:42:38","date_gmt":"2021-02-18T13:42:38","guid":{"rendered":"http:\/\/www.sincomam.org.br\/?p=33906"},"modified":"2021-02-18T10:42:38","modified_gmt":"2021-02-18T13:42:38","slug":"covid-19-variante-de-manaus-ja-esta-em-pelo-menos-12-estados-brasileiros","status":"publish","type":"post","link":"https:\/\/www.sincomam.org.br\/index.php\/covid-19-variante-de-manaus-ja-esta-em-pelo-menos-12-estados-brasileiros\/","title":{"rendered":"Covid-19: Variante de Manaus j\u00e1 est\u00e1 em pelo menos 12 estados brasileiros"},"content":{"rendered":"<p><strong><em>Em dez, h\u00e1 circula\u00e7\u00e3o da variante brasileira de Manaus<\/em><\/strong><\/p>\n<p>A cepa do novo coronav\u00edrus identificada em Manaus se espalhou pelo pa\u00eds e j\u00e1 chegou a pelo menos doze estados. A dissemina\u00e7\u00e3o dessa variante, chamada de P.1, vem preocupando autoridades, j\u00e1 que ela \u00e9 considerada mais transmiss\u00edvel que outras cepas causadoras da Covid-19.<\/p>\n<p>O n\u00famero de casos confirmados pela variante de Manaus j\u00e1 se aproxima de 200 em todo o Brasil, segundo dados do Minist\u00e9rio da Sa\u00fade e de secretarias estaduais.<\/p>\n<p>A P.1 foi identificada at\u00e9 agora nos seguintes estados: Amazonas, Bahia, Esp\u00edrito Santo, Par\u00e1, Para\u00edba, S\u00e3o Paulo, Roraima, Cear\u00e1, Piau\u00ed, Santa Catarina, Rio de Janeiro e Rio Grande do Sul.<\/p>\n<p>Os dados Minist\u00e9rio da Sa\u00fade indicam que, no Amazonas, a cepa circula em v\u00e1rios munic\u00edpios e h\u00e1 transmiss\u00e3o local.<\/p>\n<p>Nos estados de Par\u00e1, Roraima e Cear\u00e1, tamb\u00e9m est\u00e1 estabelecida a transmiss\u00e3o local, porque foram verificados casos isolados \u201ccom e sem v\u00ednculo epidemiol\u00f3gico com o Amazonas\u201d.<\/p>\n<p>J\u00e1 em Para\u00edba, Piau\u00ed, S\u00e3o Paulo, Esp\u00edrito Santo, Santa Catarina e Rio de Janeiro, foram confirmados casos importados do Amazonas, de acordo com o Minist\u00e9rio da Sa\u00fade.<\/p>\n<p><strong>25 casos registrados na capital paulista<\/strong><\/p>\n<p>O estado de S\u00e3o Paulo registrou at\u00e9 esta segunda-feira (15) 25 casos da variante do coronav\u00edrus que surgiu em Manaus. Desses, 16 s\u00e3o de pessoas que n\u00e3o viajaram para o Amazonas nem tiveram contato com algu\u00e9m esteve por l\u00e1. Segundo a Secretaria da Sa\u00fade, foram identificados 9 casos na capital; 3 em Ja\u00fa; 1 em \u00c1guas de Lind\u00f3ia e 12 em Araraquara.<\/p>\n<p>Por conta do grande n\u00famero de casos da variante, Araraquara, que j\u00e1 estava na fase vermelha do Plano S\u00e3o Paulo, decretou lockdown. Pelos pr\u00f3ximos 15 dias, para circular pela cidade \u00e9 necess\u00e1rio comprovar a necessidade, mesmo que para ir a servi\u00e7os essenciais, com multa a quem desrespeitar o decreto.<\/p>\n<p>H\u00e1 um protocolo desde o final de janeiro de encaminhar esses pacientes para um \u00fanico hospital, o Jos\u00e9 Soares Hungria em Pirituba, na zona Oeste da cidade &#8211; que est\u00e1 preparado tamb\u00e9m para receber pacientes com a variante brit\u00e2nica do coronav\u00edrus. Neste ano, 5 casos dessa cepa foram identificados na capital e 2 em Sorocaba.<\/p>\n<p><strong>Outros estados<\/strong><\/p>\n<p>No Rio Grande do Sul, um caso foi identificado em Gramado. E, de acordo com o governo estadual, o paciente tamb\u00e9m n\u00e3o viajou recentemente ou teve contato direto com pessoas que viajaram para outros estados.<\/p>\n<p>Na Bahia, foram dez casos identificados e, segundo o governo baiano, a investiga\u00e7\u00e3o preliminar indica que a maioria dos pacientes estava de f\u00e9rias no estado e eram moradores da regi\u00e3o amaz\u00f4nica.<\/p>\n<p>O Minist\u00e9rio da Sa\u00fade informou que, no caso da variante do Reino Unido, at\u00e9 o momento houve \u201ccasos isolados\u201d nos estados de S\u00e3o Paulo e Rio de Janeiro, al\u00e9m do Distrito Federal. E, por ora, n\u00e3o h\u00e1 registro da circula\u00e7\u00e3o no pa\u00eds da variante descoberta na \u00c1frica do Sul.<\/p>\n<p>As linhagens mais comuns no Brasil ainda s\u00e3o as que circulam desde o in\u00edcio da pandemia, chamadas \u201cB.1.1.28\u201d e \u201cB.1.1.33\u201d. De acordo com o governo, elas n\u00e3o s\u00e3o vistas com preocupa\u00e7\u00e3o.<\/p>\n<p>Fonte: CNN Brasil\/ Foto: divulga\u00e7\u00e3o<\/p>\n","protected":false},"excerpt":{"rendered":"<p>Em dez, h\u00e1 circula\u00e7\u00e3o da variante brasileira de Manaus A cepa do novo coronav\u00edrus identificada em Manaus se espalhou pelo pa\u00eds e j\u00e1 chegou a&#8230;<\/p>\n","protected":false},"author":1182,"featured_media":28525,"comment_status":"closed","ping_status":"closed","sticky":false,"template":"","format":"standard","meta":{"footnotes":""},"categories":[6],"tags":[61,2752,2751,252,3269,474,1756,2755,331,333,59,292,366,4229],"class_list":["post-33906","post","type-post","status-publish","format-standard","has-post-thumbnail","hentry","category-noticias","tag-brasil","tag-coronavirus","tag-covid-19","tag-espirito-santo","tag-infeccao","tag-manaus","tag-morte","tag-pandemia","tag-paraiba","tag-piaui","tag-rio-de-janeiro","tag-santa-catarina","tag-sao-paulo","tag-variante"],"_links":{"self":[{"href":"https:\/\/www.sincomam.org.br\/index.php\/wp-json\/wp\/v2\/posts\/33906","targetHints":{"allow":["GET"]}}],"collection":[{"href":"https:\/\/www.sincomam.org.br\/index.php\/wp-json\/wp\/v2\/posts"}],"about":[{"href":"https:\/\/www.sincomam.org.br\/index.php\/wp-json\/wp\/v2\/types\/post"}],"author":[{"embeddable":true,"href":"https:\/\/www.sincomam.org.br\/index.php\/wp-json\/wp\/v2\/users\/1182"}],"replies":[{"embeddable":true,"href":"https:\/\/www.sincomam.org.br\/index.php\/wp-json\/wp\/v2\/comments?post=33906"}],"version-history":[{"count":1,"href":"https:\/\/www.sincomam.org.br\/index.php\/wp-json\/wp\/v2\/posts\/33906\/revisions"}],"predecessor-version":[{"id":33907,"href":"https:\/\/www.sincomam.org.br\/index.php\/wp-json\/wp\/v2\/posts\/33906\/revisions\/33907"}],"wp:featuredmedia":[{"embeddable":true,"href":"https:\/\/www.sincomam.org.br\/index.php\/wp-json\/wp\/v2\/media\/28525"}],"wp:attachment":[{"href":"https:\/\/www.sincomam.org.br\/index.php\/wp-json\/wp\/v2\/media?parent=33906"}],"wp:term":[{"taxonomy":"category","embeddable":true,"href":"https:\/\/www.sincomam.org.br\/index.php\/wp-json\/wp\/v2\/categories?post=33906"},{"taxonomy":"post_tag","embeddable":true,"href":"https:\/\/www.sincomam.org.br\/index.php\/wp-json\/wp\/v2\/tags?post=33906"}],"curies":[{"name":"wp","href":"https:\/\/api.w.org\/{rel}","templated":true}]}}