{"id":33903,"date":"2021-02-18T10:32:22","date_gmt":"2021-02-18T13:32:22","guid":{"rendered":"http:\/\/www.sincomam.org.br\/?p=33903"},"modified":"2021-02-18T10:32:22","modified_gmt":"2021-02-18T13:32:22","slug":"navio-patrulha-guaiba-realiza-evacuacao-medica-de-tripulante-de-veleiro-frances","status":"publish","type":"post","link":"https:\/\/www.sincomam.org.br\/index.php\/navio-patrulha-guaiba-realiza-evacuacao-medica-de-tripulante-de-veleiro-frances\/","title":{"rendered":"Navio-Patrulha \u201cGua\u00edba\u201d realiza evacua\u00e7\u00e3o m\u00e9dica de tripulante de veleiro franc\u00eas"},"content":{"rendered":"<p><strong><em>Tripulante foi encaminhado ao hospital para receber o atendimento m\u00e9dico necess\u00e1rio, segundo informa\u00e7\u00f5es divulgadas pela Marinha<\/em><\/strong><\/p>\n<p>A Marinha do Brasil informou que o Navio-Patrulha (NPa) \u201cGua\u00edba\u201d, subordinado ao Comando do Grupamento de Patrulha Naval do Nordeste (ComGptPatNavNE), realizou, no dia 13 de fevereiro, a evacua\u00e7\u00e3o m\u00e9dica de um tripulante do veleiro franc\u00eas \u201cMathusalem II\u201d, que se encontrava a 130 milhas n\u00e1uticas (equivalente a 240 quil\u00f4metros) de Natal (RN), quando solicitou socorro.<\/p>\n<p><em>\u201cO tripulante, de nacionalidade francesa, de 71 anos, sofreu um acidente a bordo do veleiro na tarde do dia 11 de fevereiro, sendo resgatado na manh\u00e3 do dia 12 de fevereiro pelo navio-patrulha\u201d, disse a Marinha, em nota<\/em><\/p>\n<p>A Opera\u00e7\u00e3o de Busca e Salvamento (SAR), coordenada pelo Salvamar Nordeste, foi conclu\u00edda na madrugada do dia 13 de fevereiro, com a atraca\u00e7\u00e3o do NPa \u201cGua\u00edba\u201d na Base Naval de Natal. Ao desembarcar, a v\u00edtima apresentava condi\u00e7\u00e3o de sa\u00fade est\u00e1vel, sendo encaminhada ao hospital para receber o atendimento m\u00e9dico necess\u00e1rio.<\/p>\n<p>*Com informa\u00e7\u00f5es da MB<\/p>\n","protected":false},"excerpt":{"rendered":"<p>Tripulante foi encaminhado ao hospital para receber o atendimento m\u00e9dico necess\u00e1rio, segundo informa\u00e7\u00f5es divulgadas pela Marinha A Marinha do Brasil informou que o Navio-Patrulha (NPa)&#8230;<\/p>\n","protected":false},"author":1182,"featured_media":33904,"comment_status":"closed","ping_status":"closed","sticky":false,"template":"","format":"standard","meta":{"footnotes":""},"categories":[6],"tags":[3529,737,1385,1013,321,394,978,4349],"class_list":["post-33903","post","type-post","status-publish","format-standard","has-post-thumbnail","hentry","category-noticias","tag-evacuacao","tag-franca","tag-guaiba","tag-marinha-do-brasil","tag-navio-patrulha","tag-resgate","tag-tripulante","tag-veleiro"],"_links":{"self":[{"href":"https:\/\/www.sincomam.org.br\/index.php\/wp-json\/wp\/v2\/posts\/33903","targetHints":{"allow":["GET"]}}],"collection":[{"href":"https:\/\/www.sincomam.org.br\/index.php\/wp-json\/wp\/v2\/posts"}],"about":[{"href":"https:\/\/www.sincomam.org.br\/index.php\/wp-json\/wp\/v2\/types\/post"}],"author":[{"embeddable":true,"href":"https:\/\/www.sincomam.org.br\/index.php\/wp-json\/wp\/v2\/users\/1182"}],"replies":[{"embeddable":true,"href":"https:\/\/www.sincomam.org.br\/index.php\/wp-json\/wp\/v2\/comments?post=33903"}],"version-history":[{"count":1,"href":"https:\/\/www.sincomam.org.br\/index.php\/wp-json\/wp\/v2\/posts\/33903\/revisions"}],"predecessor-version":[{"id":33905,"href":"https:\/\/www.sincomam.org.br\/index.php\/wp-json\/wp\/v2\/posts\/33903\/revisions\/33905"}],"wp:featuredmedia":[{"embeddable":true,"href":"https:\/\/www.sincomam.org.br\/index.php\/wp-json\/wp\/v2\/media\/33904"}],"wp:attachment":[{"href":"https:\/\/www.sincomam.org.br\/index.php\/wp-json\/wp\/v2\/media?parent=33903"}],"wp:term":[{"taxonomy":"category","embeddable":true,"href":"https:\/\/www.sincomam.org.br\/index.php\/wp-json\/wp\/v2\/categories?post=33903"},{"taxonomy":"post_tag","embeddable":true,"href":"https:\/\/www.sincomam.org.br\/index.php\/wp-json\/wp\/v2\/tags?post=33903"}],"curies":[{"name":"wp","href":"https:\/\/api.w.org\/{rel}","templated":true}]}}