{"id":33900,"date":"2021-02-18T10:12:53","date_gmt":"2021-02-18T13:12:53","guid":{"rendered":"http:\/\/www.sincomam.org.br\/?p=33900"},"modified":"2021-02-18T10:15:10","modified_gmt":"2021-02-18T13:15:10","slug":"forca-nacional-reforca-fronteira-no-acre","status":"publish","type":"post","link":"https:\/\/www.sincomam.org.br\/index.php\/forca-nacional-reforca-fronteira-no-acre\/","title":{"rendered":"For\u00e7a Nacional refor\u00e7a fronteira no Acre"},"content":{"rendered":"<p><strong><em>Medida visa evitar entrada de estrangeiros no Brasil<\/em><\/strong><\/p>\n<p>O Minist\u00e9rio da Justi\u00e7a e Seguran\u00e7a P\u00fablica publicou, no<em>\u00a0Di\u00e1rio Oficial da Uni\u00e3o\u00a0<\/em>de hoje (18), portaria na qual autoriza o emprego da For\u00e7a Nacional de Seguran\u00e7a em apoio ao governo do Acre, nas &#8220;atividades de bloqueio excepcional e tempor\u00e1rio de entrada no pa\u00eds de estrangeiros&#8221;.<img decoding=\"async\" src=\"https:\/\/agenciabrasil.ebc.com.br\/ebc.png?id=1401603&amp;o=node\" \/><img decoding=\"async\" src=\"https:\/\/agenciabrasil.ebc.com.br\/ebc.gif?id=1401603&amp;o=node\" \/><\/p>\n<p>Segundo a portaria, a medida tem car\u00e1ter &#8220;epis\u00f3dico e planejado&#8221;, com dura\u00e7\u00e3o de 60 dias, a contar de hoje. Se necess\u00e1rio, esse prazo, que a princ\u00edpio se encerra em 18 de abril, poder\u00e1 ser prorrogado.<\/p>\n<p>Caber\u00e1 ao governo do Acre dar o apoio log\u00edstico necess\u00e1rio para a opera\u00e7\u00e3o.<\/p>\n<p>O contingente dever\u00e1 seguir o planejamento definido pela diretoria da For\u00e7a Nacional, vinculada ao Minist\u00e9rio da Justi\u00e7a.<\/p>\n<p>Fonte: Ag\u00eancia Brasil<\/p>\n","protected":false},"excerpt":{"rendered":"<p>Medida visa evitar entrada de estrangeiros no Brasil O Minist\u00e9rio da Justi\u00e7a e Seguran\u00e7a P\u00fablica publicou, no\u00a0Di\u00e1rio Oficial da Uni\u00e3o\u00a0de hoje (18), portaria na qual&#8230;<\/p>\n","protected":false},"author":1182,"featured_media":33901,"comment_status":"closed","ping_status":"closed","sticky":false,"template":"","format":"standard","meta":{"footnotes":""},"categories":[6],"tags":[61,604,894,3349,1681],"class_list":["post-33900","post","type-post","status-publish","format-standard","has-post-thumbnail","hentry","category-noticias","tag-brasil","tag-estrangeiros","tag-forcas-armadas","tag-fronteira","tag-impedimento"],"_links":{"self":[{"href":"https:\/\/www.sincomam.org.br\/index.php\/wp-json\/wp\/v2\/posts\/33900","targetHints":{"allow":["GET"]}}],"collection":[{"href":"https:\/\/www.sincomam.org.br\/index.php\/wp-json\/wp\/v2\/posts"}],"about":[{"href":"https:\/\/www.sincomam.org.br\/index.php\/wp-json\/wp\/v2\/types\/post"}],"author":[{"embeddable":true,"href":"https:\/\/www.sincomam.org.br\/index.php\/wp-json\/wp\/v2\/users\/1182"}],"replies":[{"embeddable":true,"href":"https:\/\/www.sincomam.org.br\/index.php\/wp-json\/wp\/v2\/comments?post=33900"}],"version-history":[{"count":1,"href":"https:\/\/www.sincomam.org.br\/index.php\/wp-json\/wp\/v2\/posts\/33900\/revisions"}],"predecessor-version":[{"id":33902,"href":"https:\/\/www.sincomam.org.br\/index.php\/wp-json\/wp\/v2\/posts\/33900\/revisions\/33902"}],"wp:featuredmedia":[{"embeddable":true,"href":"https:\/\/www.sincomam.org.br\/index.php\/wp-json\/wp\/v2\/media\/33901"}],"wp:attachment":[{"href":"https:\/\/www.sincomam.org.br\/index.php\/wp-json\/wp\/v2\/media?parent=33900"}],"wp:term":[{"taxonomy":"category","embeddable":true,"href":"https:\/\/www.sincomam.org.br\/index.php\/wp-json\/wp\/v2\/categories?post=33900"},{"taxonomy":"post_tag","embeddable":true,"href":"https:\/\/www.sincomam.org.br\/index.php\/wp-json\/wp\/v2\/tags?post=33900"}],"curies":[{"name":"wp","href":"https:\/\/api.w.org\/{rel}","templated":true}]}}