{"id":33890,"date":"2021-02-15T14:45:00","date_gmt":"2021-02-15T17:45:00","guid":{"rendered":"http:\/\/www.sincomam.org.br\/?p=33890"},"modified":"2021-02-15T14:45:00","modified_gmt":"2021-02-15T17:45:00","slug":"cabotagem-projeto-de-lei-deve-sofrer-mudancas-no-senado-admite-ministro","status":"publish","type":"post","link":"https:\/\/www.sincomam.org.br\/index.php\/cabotagem-projeto-de-lei-deve-sofrer-mudancas-no-senado-admite-ministro\/","title":{"rendered":"Cabotagem: projeto de lei deve sofrer mudan\u00e7as no Senado, admite Ministro"},"content":{"rendered":"<p>O ministro Tarc\u00edsio de Freitas (Infraestrutura) afirmou na \u00faltima quarta-feira (10) que o projeto de lei da cabotagem \u2013 tamb\u00e9m chamado pelo governo de BR do Mar \u2013 deve ser mudado no Senado. \u201cAcho muito improv\u00e1vel que ele passe inc\u00f3lume no Senado\u201d, disse.<\/p>\n<p>O texto, que altera as regras desse mercado no pa\u00eds, foi aprovado na C\u00e2mara dos Deputados em dezembro. Agora, aguarda a an\u00e1lise dos senadores. O PL 4.199 de 2020 est\u00e1 na lista de prioridades apresentada pelo governo aos novos presidentes da C\u00e2mara e do Senado na 4\u00aa feira passada (3.fev).<\/p>\n<p>A declara\u00e7\u00e3o do ministro foi feita durante a cerim\u00f4nia de assinatura de 4 contratos para uso de terminais privados em portos do Par\u00e1. Os TUPs (Terminais de Uso Privado) Petr\u00f3leo Sabb\u00e1, Louis Dreyfus, Cargill e ABI (Administradora de Bens de Infraestrutura) receber\u00e3o, ao todo, R$ 616,5 milh\u00f5es em investimentos para movimenta\u00e7\u00e3o de cargas.<\/p>\n<p>Segundo o secret\u00e1rio de Portos e Transportes Aquavi\u00e1rios, Diogo Piloni e Silva, foram assinados 38 novos contratos desse tipo desde o in\u00edcio de 2019. Considerando os ativos, s\u00e3o 78. H\u00e1 ainda 50 em an\u00e1lise. J\u00e1 o diretor presidente da ATPP (Associa\u00e7\u00e3o de Terminais Portu\u00e1rios Privados), Murillo Barbosa, pontuou o pa\u00eds soma 243 contratos de TUPs assinados. Ressaltou ainda que a maior concentra\u00e7\u00e3o de terminais desse tipo est\u00e1 na regi\u00e3o Norte, embora considerando o volume transportado, o Sudeste ainda predomine.<\/p>\n<p>Fonte: Informativo dos Portos<\/p>\n","protected":false},"excerpt":{"rendered":"<p>O ministro Tarc\u00edsio de Freitas (Infraestrutura) afirmou na \u00faltima quarta-feira (10) que o projeto de lei da cabotagem \u2013 tamb\u00e9m chamado pelo governo de BR&#8230;<\/p>\n","protected":false},"author":1182,"featured_media":32300,"comment_status":"closed","ping_status":"closed","sticky":false,"template":"","format":"standard","meta":{"footnotes":""},"categories":[6],"tags":[82,1001,562,367,924],"class_list":["post-33890","post","type-post","status-publish","format-standard","has-post-thumbnail","hentry","category-noticias","tag-cabotagem","tag-lei","tag-mudanca","tag-projeto","tag-senado"],"_links":{"self":[{"href":"https:\/\/www.sincomam.org.br\/index.php\/wp-json\/wp\/v2\/posts\/33890","targetHints":{"allow":["GET"]}}],"collection":[{"href":"https:\/\/www.sincomam.org.br\/index.php\/wp-json\/wp\/v2\/posts"}],"about":[{"href":"https:\/\/www.sincomam.org.br\/index.php\/wp-json\/wp\/v2\/types\/post"}],"author":[{"embeddable":true,"href":"https:\/\/www.sincomam.org.br\/index.php\/wp-json\/wp\/v2\/users\/1182"}],"replies":[{"embeddable":true,"href":"https:\/\/www.sincomam.org.br\/index.php\/wp-json\/wp\/v2\/comments?post=33890"}],"version-history":[{"count":1,"href":"https:\/\/www.sincomam.org.br\/index.php\/wp-json\/wp\/v2\/posts\/33890\/revisions"}],"predecessor-version":[{"id":33891,"href":"https:\/\/www.sincomam.org.br\/index.php\/wp-json\/wp\/v2\/posts\/33890\/revisions\/33891"}],"wp:featuredmedia":[{"embeddable":true,"href":"https:\/\/www.sincomam.org.br\/index.php\/wp-json\/wp\/v2\/media\/32300"}],"wp:attachment":[{"href":"https:\/\/www.sincomam.org.br\/index.php\/wp-json\/wp\/v2\/media?parent=33890"}],"wp:term":[{"taxonomy":"category","embeddable":true,"href":"https:\/\/www.sincomam.org.br\/index.php\/wp-json\/wp\/v2\/categories?post=33890"},{"taxonomy":"post_tag","embeddable":true,"href":"https:\/\/www.sincomam.org.br\/index.php\/wp-json\/wp\/v2\/tags?post=33890"}],"curies":[{"name":"wp","href":"https:\/\/api.w.org\/{rel}","templated":true}]}}