{"id":33886,"date":"2021-02-15T12:02:01","date_gmt":"2021-02-15T15:02:01","guid":{"rendered":"http:\/\/www.sincomam.org.br\/?p=33886"},"modified":"2021-02-15T14:32:03","modified_gmt":"2021-02-15T17:32:03","slug":"guine-anuncia-oficialmente-uma-epidemia-de-ebola","status":"publish","type":"post","link":"https:\/\/www.sincomam.org.br\/index.php\/guine-anuncia-oficialmente-uma-epidemia-de-ebola\/","title":{"rendered":"Urgente: Governo de Guin\u00e9 anuncia oficialmente uma epidemia de Ebola"},"content":{"rendered":"<p><strong><em>Pelo menos sete pessoas foram infectadas e tr\u00eas j\u00e1 morreram em um surto no sudeste do pa\u00eds; \u00c1frica tamb\u00e9m sofre com a pandemia do Covid-19<\/em><\/strong><\/p>\n<p>O governo da Guin\u00e9 confirmou neste domingo (14) a exist\u00eancia de uma epidemia de Ebola no sudeste do pa\u00eds, com pelo menos sete infec\u00e7\u00f5es e tr\u00eas mortes, naquele que \u00e9 o primeiro surto do v\u00edrus nesta regi\u00e3o desde a epidemia entre 2014 e 2016 na \u00c1frica Ocidental, que deixou pelo menos 11,3 mil mortos.<\/p>\n<p><em>&#8220;A primeira investiga\u00e7\u00e3o realizada contabilizou sete casos, todos com mais de 25 anos (quatro homens e tr\u00eas mulheres), entre os quais (h\u00e1) tr\u00eas \u00f3bitos (&#8230;) As tr\u00eas primeiras amostras enviadas para os laborat\u00f3rios de Gueckedou e Conakri foram positivos para o Ebola&#8221;, disse a Ag\u00eancia Nacional de Seguran\u00e7a Sanit\u00e1ria (ANSS) do governo local, em um comunicado.<\/em><\/p>\n<p>Consequentemente, o Minist\u00e9rio da Sa\u00fade guineense declarou oficialmente a exist\u00eancia de uma epidemia no sudeste do pa\u00eds e confirmou medidas como a implementa\u00e7\u00e3o de protocolos de rastreamento e isolamento, bem como uma &#8220;acelera\u00e7\u00e3o&#8221; dos esfor\u00e7os do pa\u00eds, juntamente com a Organiza\u00e7\u00e3o Mundial da Sa\u00fade (OMS), sobre vacina\u00e7\u00e3o contra o Ebola.<\/p>\n<p>Este novo surto foi detectado na zona de Gouecke, perto da cidade de N&#8217;Zerekore (sudeste), e as suas origens remontam, at\u00e9 ao momento, ao funeral de uma enfermeira que faleceu no final de janeiro.<\/p>\n<p>A informa\u00e7\u00e3o de que foram detectados v\u00e1rios \u00f3bitos e suspeitas de infec\u00e7\u00f5es por Ebola no pa\u00eds j\u00e1 tinha sido levantada ontem pelo ministro da Sa\u00fade, Remy Lamah, de acordo com testes iniciais que estavam \u00e0 espera de serem reconfirmados hoje nos laborat\u00f3rios de Conakri.<\/p>\n<p>Com esses dados, a OMS j\u00e1 havia manifestado hoje sua preocupa\u00e7\u00e3o com o poss\u00edvel ressurgimento do ebola nesta \u00e1rea t\u00e3o afetada.<\/p>\n<p>Fonte: Portal R7<\/p>\n<p>Foto: Fotos P\u00fablicas-Morgana Wingard\/ USAID (22\/09\/2014) &#8211; Unidade de Tratamento de Ebola na Ilha Clinic, em Monr\u00f3via<\/p>\n","protected":false},"excerpt":{"rendered":"<p>Pelo menos sete pessoas foram infectadas e tr\u00eas j\u00e1 morreram em um surto no sudeste do pa\u00eds; \u00c1frica tamb\u00e9m sofre com a pandemia do Covid-19&#8230;<\/p>\n","protected":false},"author":1182,"featured_media":33887,"comment_status":"closed","ping_status":"closed","sticky":false,"template":"","format":"standard","meta":{"footnotes":""},"categories":[6],"tags":[4347,1457,1459,4346,2988,1756,1375,4155],"class_list":["post-33886","post","type-post","status-publish","format-standard","has-post-thumbnail","hentry","category-noticias","tag-africa-ocidental","tag-ebola","tag-epidemia","tag-guine","tag-infectado","tag-morte","tag-populacao","tag-surto"],"_links":{"self":[{"href":"https:\/\/www.sincomam.org.br\/index.php\/wp-json\/wp\/v2\/posts\/33886","targetHints":{"allow":["GET"]}}],"collection":[{"href":"https:\/\/www.sincomam.org.br\/index.php\/wp-json\/wp\/v2\/posts"}],"about":[{"href":"https:\/\/www.sincomam.org.br\/index.php\/wp-json\/wp\/v2\/types\/post"}],"author":[{"embeddable":true,"href":"https:\/\/www.sincomam.org.br\/index.php\/wp-json\/wp\/v2\/users\/1182"}],"replies":[{"embeddable":true,"href":"https:\/\/www.sincomam.org.br\/index.php\/wp-json\/wp\/v2\/comments?post=33886"}],"version-history":[{"count":2,"href":"https:\/\/www.sincomam.org.br\/index.php\/wp-json\/wp\/v2\/posts\/33886\/revisions"}],"predecessor-version":[{"id":33889,"href":"https:\/\/www.sincomam.org.br\/index.php\/wp-json\/wp\/v2\/posts\/33886\/revisions\/33889"}],"wp:featuredmedia":[{"embeddable":true,"href":"https:\/\/www.sincomam.org.br\/index.php\/wp-json\/wp\/v2\/media\/33887"}],"wp:attachment":[{"href":"https:\/\/www.sincomam.org.br\/index.php\/wp-json\/wp\/v2\/media?parent=33886"}],"wp:term":[{"taxonomy":"category","embeddable":true,"href":"https:\/\/www.sincomam.org.br\/index.php\/wp-json\/wp\/v2\/categories?post=33886"},{"taxonomy":"post_tag","embeddable":true,"href":"https:\/\/www.sincomam.org.br\/index.php\/wp-json\/wp\/v2\/tags?post=33886"}],"curies":[{"name":"wp","href":"https:\/\/api.w.org\/{rel}","templated":true}]}}