{"id":33834,"date":"2021-02-12T09:59:08","date_gmt":"2021-02-12T12:59:08","guid":{"rendered":"http:\/\/www.sincomam.org.br\/?p=33834"},"modified":"2021-02-12T09:59:08","modified_gmt":"2021-02-12T12:59:08","slug":"forcas-armadas-transferiram-mais-de-600-pacientes-de-manaus-para-outros-estados","status":"publish","type":"post","link":"https:\/\/www.sincomam.org.br\/index.php\/forcas-armadas-transferiram-mais-de-600-pacientes-de-manaus-para-outros-estados\/","title":{"rendered":"For\u00e7as Armadas transferiram mais de 600 pacientes de Manaus para outros estados"},"content":{"rendered":"<p><strong><em>Apoio log\u00edstico empregado pelos militares se estende tamb\u00e9m ao transporte de oxig\u00eanio e demais insumos m\u00e9dicos<\/em><\/strong><\/p>\n<p>Devido \u00e0 crise sanit\u00e1ria do Covid-19 em Manaus, o Minist\u00e9rio da Defesa anunciou que as For\u00e7as Armadas j\u00e1 viabilizaram a transfer\u00eancia de 619 pacientes para outras capitais em aeronaves da For\u00e7a A\u00e9rea Brasileira (FAB). Desses, 16 s\u00e3o pacientes oncol\u00f3gicos, transportados para o Rio de Janeiro a fim de reduzir a ocupa\u00e7\u00e3o de leitos na rede p\u00fablica de sa\u00fade na capital amazonense.<\/p>\n<p>Desde o in\u00edcio das a\u00e7\u00f5es de car\u00e1ter emergencial, no dia 07 de janeiro, foram realizados 61 voos para o deslocamento de pacientes entre as capitais do Pa\u00eds. \u201cO esfor\u00e7o a\u00e9reo no combate \u00e0 pandemia de covid-19 j\u00e1 ultrapassa 1.590 horas de voo\u201d, disse o Minist\u00e9rio.<\/p>\n<p>O empenho militar tamb\u00e9m tem beneficiado as a\u00e7\u00f5es de vacina\u00e7\u00e3o dos povos ind\u00edgenas. Os Comandos Conjuntos Amaz\u00f4nia, Norte, Nordeste, Oeste e do Rio Grande Norte e Para\u00edba prestaram apoio log\u00edstico \u00e0 Secretaria Especial de Sa\u00fade Ind\u00edgena &#8211; SESAI.\u00a0 At\u00e9 o momento, mais de 75.760 ind\u00edgenas foram imunizados contra a Covid-19 em 34 Distritos Sanit\u00e1rios Especiais Ind\u00edgena (DSEI).<\/p>\n<p>Foto: Divulga\u00e7\u00e3o\/MD<\/p>\n","protected":false},"excerpt":{"rendered":"<p>Apoio log\u00edstico empregado pelos militares se estende tamb\u00e9m ao transporte de oxig\u00eanio e demais insumos m\u00e9dicos Devido \u00e0 crise sanit\u00e1ria do Covid-19 em Manaus, o&#8230;<\/p>\n","protected":false},"author":1182,"featured_media":33835,"comment_status":"closed","ping_status":"closed","sticky":false,"template":"","format":"standard","meta":{"footnotes":""},"categories":[6],"tags":[248,2752,2751,894,474,3683,4285,3300,3049],"class_list":["post-33834","post","type-post","status-publish","format-standard","has-post-thumbnail","hentry","category-noticias","tag-amazonas","tag-coronavirus","tag-covid-19","tag-forcas-armadas","tag-manaus","tag-ministerio-da-defesa","tag-oxigenio","tag-pacientes","tag-transferencia"],"_links":{"self":[{"href":"https:\/\/www.sincomam.org.br\/index.php\/wp-json\/wp\/v2\/posts\/33834","targetHints":{"allow":["GET"]}}],"collection":[{"href":"https:\/\/www.sincomam.org.br\/index.php\/wp-json\/wp\/v2\/posts"}],"about":[{"href":"https:\/\/www.sincomam.org.br\/index.php\/wp-json\/wp\/v2\/types\/post"}],"author":[{"embeddable":true,"href":"https:\/\/www.sincomam.org.br\/index.php\/wp-json\/wp\/v2\/users\/1182"}],"replies":[{"embeddable":true,"href":"https:\/\/www.sincomam.org.br\/index.php\/wp-json\/wp\/v2\/comments?post=33834"}],"version-history":[{"count":1,"href":"https:\/\/www.sincomam.org.br\/index.php\/wp-json\/wp\/v2\/posts\/33834\/revisions"}],"predecessor-version":[{"id":33836,"href":"https:\/\/www.sincomam.org.br\/index.php\/wp-json\/wp\/v2\/posts\/33834\/revisions\/33836"}],"wp:featuredmedia":[{"embeddable":true,"href":"https:\/\/www.sincomam.org.br\/index.php\/wp-json\/wp\/v2\/media\/33835"}],"wp:attachment":[{"href":"https:\/\/www.sincomam.org.br\/index.php\/wp-json\/wp\/v2\/media?parent=33834"}],"wp:term":[{"taxonomy":"category","embeddable":true,"href":"https:\/\/www.sincomam.org.br\/index.php\/wp-json\/wp\/v2\/categories?post=33834"},{"taxonomy":"post_tag","embeddable":true,"href":"https:\/\/www.sincomam.org.br\/index.php\/wp-json\/wp\/v2\/tags?post=33834"}],"curies":[{"name":"wp","href":"https:\/\/api.w.org\/{rel}","templated":true}]}}