{"id":33831,"date":"2021-02-12T09:34:10","date_gmt":"2021-02-12T12:34:10","guid":{"rendered":"http:\/\/www.sincomam.org.br\/?p=33831"},"modified":"2021-02-12T09:34:10","modified_gmt":"2021-02-12T12:34:10","slug":"marinha-realiza-plano-de-salvamento-de-navio-que-naufragou-no-para","status":"publish","type":"post","link":"https:\/\/www.sincomam.org.br\/index.php\/marinha-realiza-plano-de-salvamento-de-navio-que-naufragou-no-para\/","title":{"rendered":"Marinha realiza plano de salvamento de navio que naufragou no Par\u00e1"},"content":{"rendered":"<p><strong><em>Cinco mil cabe\u00e7as de gado estavam a bordo do navio no momento do naufr\u00e1gio<\/em><\/strong><\/p>\n<p>A Marinha do Bra\u2019sil aprovou, por meio de portaria assinada pelo Comandante do 4\u00ba Distrito Naval, no dia 9 de fevereiro, o plano de execu\u00e7\u00e3o da atividade de assist\u00eancia e salvamento do Navio \u201cMV Haidar\u201d, naufragado no dia 6 de outubro de 2015, no Porto da Vila do Conde, em Barcarena (PA), onde encontra-se submerso e encalhado.<\/p>\n<p>Ap\u00f3s an\u00e1lise minuciosa do plano de execu\u00e7\u00e3o proposto pela empresa Superpesa Cia de Transportes Especiais e Intermodais, vencedora de licita\u00e7\u00e3o p\u00fablica coordenada pelo Minist\u00e9rio da Infraestrutura, a Marinha concedeu autoriza\u00e7\u00e3o para que a empresa conduza as a\u00e7\u00f5es de verticaliza\u00e7\u00e3o, reflutua\u00e7\u00e3o e vara\u00e7\u00e3o do Navio.<\/p>\n<p>A Capitania dos Portos da Amaz\u00f4nia Oriental controlar\u00e1 toda a realiza\u00e7\u00e3o do trabalho, avaliando e fiscalizando frequentemente a execu\u00e7\u00e3o dos eventos planejados; a necessidade de altera\u00e7\u00f5es no cronograma de eventos; poss\u00edveis imprevistos, acidentes, incidentes, interrup\u00e7\u00e3o das atividades; e outros aspectos relevantes.<\/p>\n<p>As a\u00e7\u00f5es desenvolvidas contam com participa\u00e7\u00e3o da Companhia Docas do Par\u00e1, da Secretaria de Estado do Meio Ambiente e Sustentabilidade no Par\u00e1, da Diretoria de Infraestrutura Aquavi\u00e1ria do Departamento Nacional de Infraestrutura de Transportes (DNIT), da Superintend\u00eancia Regional do DNIT no Estado do Par\u00e1 e da empresa CHD.<\/p>\n<p>*Com informa\u00e7\u00f5es da MB<\/p>\n","protected":false},"excerpt":{"rendered":"<p>Cinco mil cabe\u00e7as de gado estavam a bordo do navio no momento do naufr\u00e1gio A Marinha do Bra\u2019sil aprovou, por meio de portaria assinada pelo&#8230;<\/p>\n","protected":false},"author":1182,"featured_media":33832,"comment_status":"closed","ping_status":"closed","sticky":false,"template":"","format":"standard","meta":{"footnotes":""},"categories":[6],"tags":[4344,4345,1013,621,47,513,2766,3815],"class_list":["post-33831","post","type-post","status-publish","format-standard","has-post-thumbnail","hentry","category-noticias","tag-boi","tag-gado","tag-marinha-do-brasil","tag-naufragio","tag-navio","tag-para","tag-plano","tag-salvamento"],"_links":{"self":[{"href":"https:\/\/www.sincomam.org.br\/index.php\/wp-json\/wp\/v2\/posts\/33831","targetHints":{"allow":["GET"]}}],"collection":[{"href":"https:\/\/www.sincomam.org.br\/index.php\/wp-json\/wp\/v2\/posts"}],"about":[{"href":"https:\/\/www.sincomam.org.br\/index.php\/wp-json\/wp\/v2\/types\/post"}],"author":[{"embeddable":true,"href":"https:\/\/www.sincomam.org.br\/index.php\/wp-json\/wp\/v2\/users\/1182"}],"replies":[{"embeddable":true,"href":"https:\/\/www.sincomam.org.br\/index.php\/wp-json\/wp\/v2\/comments?post=33831"}],"version-history":[{"count":1,"href":"https:\/\/www.sincomam.org.br\/index.php\/wp-json\/wp\/v2\/posts\/33831\/revisions"}],"predecessor-version":[{"id":33833,"href":"https:\/\/www.sincomam.org.br\/index.php\/wp-json\/wp\/v2\/posts\/33831\/revisions\/33833"}],"wp:featuredmedia":[{"embeddable":true,"href":"https:\/\/www.sincomam.org.br\/index.php\/wp-json\/wp\/v2\/media\/33832"}],"wp:attachment":[{"href":"https:\/\/www.sincomam.org.br\/index.php\/wp-json\/wp\/v2\/media?parent=33831"}],"wp:term":[{"taxonomy":"category","embeddable":true,"href":"https:\/\/www.sincomam.org.br\/index.php\/wp-json\/wp\/v2\/categories?post=33831"},{"taxonomy":"post_tag","embeddable":true,"href":"https:\/\/www.sincomam.org.br\/index.php\/wp-json\/wp\/v2\/tags?post=33831"}],"curies":[{"name":"wp","href":"https:\/\/api.w.org\/{rel}","templated":true}]}}