{"id":33826,"date":"2021-02-12T09:03:13","date_gmt":"2021-02-12T12:03:13","guid":{"rendered":"http:\/\/www.sincomam.org.br\/?p=33826"},"modified":"2021-02-12T10:08:55","modified_gmt":"2021-02-12T13:08:55","slug":"covid-19-brasil-registra-mais-de-54-mil-novos-casos-e-1-351-obitos","status":"publish","type":"post","link":"https:\/\/www.sincomam.org.br\/index.php\/covid-19-brasil-registra-mais-de-54-mil-novos-casos-e-1-351-obitos\/","title":{"rendered":"Covid-19: Brasil registra mais de 54 mil novos casos da doen\u00e7a"},"content":{"rendered":"<p><strong><em>Pa\u00eds tem em m\u00e9dia 1.351 novas mortes por dia pela doen\u00e7a, segundo Minist\u00e9rio da Sa\u00fade<\/em><\/strong><\/p>\n<p>Segundo boletim epidemiol\u00f3gico divulgado pelo Minist\u00e9rio da Sa\u00fade, a pandemia de Covid-19 no Brasil foi respons\u00e1vel por 236.201 \u00f3bitos, com 1.351 novas mortes tendo sido registradas em 24 horas. De acordo com o levantamento, 9.713.909 brasileiros foram diagnosticados com a doen\u00e7a, sendo que 54.742 novos casos foram registrados desde o \u00faltimo boletim, divulgado ontem (11). A taxa de cura segue estabilizada em 89%. O Brasil soma mais de 8,6 milh\u00f5es de recuperados da doen\u00e7a.<\/p>\n<p>No ranking de casos, S\u00e3o Paulo continua a liderar, tanto em ocorr\u00eancias quanto em \u00f3bitos. O estado registra 1.889.969 casos e 55.742 mortes. Minas Gerais e Bahia seguem atr\u00e1s, com 793.157 casos e 16.405 mortes e 620.042 casos e 10.543 mortes, respectivamente.<\/p>\n<p>Apenas dois estados registraram menos de mil mortes at\u00e9 o momento: Acre, com 907 \u00f3bitos, e Roraima, com 937. De acordo com o informe, 2.822 \u00f3bitos seguem em investiga\u00e7\u00e3o e ainda n\u00e3o tiveram causa confirmada.<\/p>\n<p><strong>Campanha de Vacina\u00e7\u00e3o<\/strong><\/p>\n<p>O Brasil vai imunizar contra covid-19 toda a popula\u00e7\u00e3o apta para receber a vacina at\u00e9 o fim do ano, segundo afirmou o ministro da Sa\u00fade, Eduardo Pazuello, durante audi\u00eancia p\u00fablica, no Senado.<img decoding=\"async\" src=\"https:\/\/agenciabrasil.ebc.com.br\/ebc.png?id=1401197&amp;o=node\" \/><img decoding=\"async\" src=\"https:\/\/agenciabrasil.ebc.com.br\/ebc.gif?id=1401197&amp;o=node\" \/><\/p>\n<p>Aos senadores, no plen\u00e1rio da Casa, ele disse que o minist\u00e9rio trabalha para imunizar toda a popula\u00e7\u00e3o \u201cvacin\u00e1vel\u201d. Segundo ele, metade do p\u00fablico-alvo ser\u00e1 vacinada no primeiro semestre e a outra metade, no segundo semestre.<\/p>\n<p><em>\u201cVamos vacinar o pa\u00eds em 2021, 50% at\u00e9 junho, 50% at\u00e9 dezembro, da popula\u00e7\u00e3o vacin\u00e1vel. Esse \u00e9 o nosso desafio e \u00e9 o que estamos buscando e vamos fazer\u201d, disse Pazuello.<\/em><\/p>\n<p>O ministro exaltou o trabalho do Instituto Butantan e da Funda\u00e7\u00e3o Oswaldo Cruz (Fiocruz) na produ\u00e7\u00e3o das vacinas Coronavac e Oxford\/AstraZeneca, respectivamente.<\/p>\n<p>A vacina contra covid-19 n\u00e3o \u00e9 indicada para menores de 18 anos, gestantes e lactantes porque n\u00e3o h\u00e1 estudos conclusivos sobre os efeitos do imunizante para esse p\u00fablico.<\/p>\n<p>Fonte: Ag\u00eancia Brasil<\/p>\n","protected":false},"excerpt":{"rendered":"<p>Pa\u00eds tem em m\u00e9dia 1.351 novas mortes por dia pela doen\u00e7a, segundo Minist\u00e9rio da Sa\u00fade Segundo boletim epidemiol\u00f3gico divulgado pelo Minist\u00e9rio da Sa\u00fade, a pandemia&#8230;<\/p>\n","protected":false},"author":1182,"featured_media":30452,"comment_status":"closed","ping_status":"closed","sticky":false,"template":"","format":"standard","meta":{"footnotes":""},"categories":[6],"tags":[61,4343,2751,3188,746,59,366],"class_list":["post-33826","post","type-post","status-publish","format-standard","has-post-thumbnail","hentry","category-noticias","tag-brasil","tag-caso-confirmado","tag-covid-19","tag-obitos","tag-registro","tag-rio-de-janeiro","tag-sao-paulo"],"_links":{"self":[{"href":"https:\/\/www.sincomam.org.br\/index.php\/wp-json\/wp\/v2\/posts\/33826","targetHints":{"allow":["GET"]}}],"collection":[{"href":"https:\/\/www.sincomam.org.br\/index.php\/wp-json\/wp\/v2\/posts"}],"about":[{"href":"https:\/\/www.sincomam.org.br\/index.php\/wp-json\/wp\/v2\/types\/post"}],"author":[{"embeddable":true,"href":"https:\/\/www.sincomam.org.br\/index.php\/wp-json\/wp\/v2\/users\/1182"}],"replies":[{"embeddable":true,"href":"https:\/\/www.sincomam.org.br\/index.php\/wp-json\/wp\/v2\/comments?post=33826"}],"version-history":[{"count":7,"href":"https:\/\/www.sincomam.org.br\/index.php\/wp-json\/wp\/v2\/posts\/33826\/revisions"}],"predecessor-version":[{"id":33840,"href":"https:\/\/www.sincomam.org.br\/index.php\/wp-json\/wp\/v2\/posts\/33826\/revisions\/33840"}],"wp:featuredmedia":[{"embeddable":true,"href":"https:\/\/www.sincomam.org.br\/index.php\/wp-json\/wp\/v2\/media\/30452"}],"wp:attachment":[{"href":"https:\/\/www.sincomam.org.br\/index.php\/wp-json\/wp\/v2\/media?parent=33826"}],"wp:term":[{"taxonomy":"category","embeddable":true,"href":"https:\/\/www.sincomam.org.br\/index.php\/wp-json\/wp\/v2\/categories?post=33826"},{"taxonomy":"post_tag","embeddable":true,"href":"https:\/\/www.sincomam.org.br\/index.php\/wp-json\/wp\/v2\/tags?post=33826"}],"curies":[{"name":"wp","href":"https:\/\/api.w.org\/{rel}","templated":true}]}}