{"id":33820,"date":"2021-02-11T11:49:10","date_gmt":"2021-02-11T14:49:10","guid":{"rendered":"http:\/\/www.sincomam.org.br\/?p=33820"},"modified":"2021-02-11T14:18:01","modified_gmt":"2021-02-11T17:18:01","slug":"petrobras-conclui-venda-do-campo-de-frade-para-petrorio","status":"publish","type":"post","link":"https:\/\/www.sincomam.org.br\/index.php\/petrobras-conclui-venda-do-campo-de-frade-para-petrorio\/","title":{"rendered":"Petrobras conclui venda do campo de Frade para PetroRio"},"content":{"rendered":"<p><strong><em>Negocia\u00e7\u00e3o faz parte do plano de desinvestimentos da companhia <\/em><\/strong><\/p>\n<p>A Petrobras informou, em comunicado na \u00faltima sexta-feira (5), que finalizou a venda de sua participa\u00e7\u00e3o de 30% no campo de Frade, localizado na Bacia de Campos, no Rio de Janeiro. A negocia\u00e7\u00e3o foi fechada com a PetroRio Jaguar Petr\u00f3leo Ltda., subsidi\u00e1ria da Petro Rio S.A. (PetroRio), que det\u00e9m os 70% restantes.<\/p>\n<p>Segundo a Estatal, a transa\u00e7\u00e3o incluiu tamb\u00e9m a venda da totalidade da participa\u00e7\u00e3o detida pela Petrobras Frade Inversiones S.A. (PFISA), subsidi\u00e1ria da Petrobras, na empresa Frade BV para a Petrorio Luxembourg, que passa a deter 100% de Frade BV.<\/p>\n<p>A opera\u00e7\u00e3o foi conclu\u00edda com o pagamento de US$ 36 milh\u00f5es para a Petrobras. Os valores pagos \u00e0 Estatal, mais a assinatura, somados ao lucro auferido, totalizam US$ 100 milh\u00f5es de rendimentos \u00e0 empresa.<\/p>\n<p>A companhia informou que, ainda h\u00e1 o montante de US$ 20 milh\u00f5es contingente a uma potencial nova descoberta comercial no campo, que se ocorrer no futuro, a Petrobras ter\u00e1 direito a receber.<\/p>\n<p>O campo de Frade est\u00e1 localizado a cerca de 118 km da costa norte do estado do Rio de Janeiro, em l\u00e2mina d\u2019\u00e1gua entre 1.050 e 1.300 m.<\/p>\n<p>O in\u00edcio de produ\u00e7\u00e3o foi em junho\/2009 e a m\u00e9dia de produ\u00e7\u00e3o no ano de 2020 foi de cerca de 20 mil boe\/dia, sendo cerca de 6 mil boe\/dia a parcela de produ\u00e7\u00e3o da Petrobras.<\/p>\n","protected":false},"excerpt":{"rendered":"<p>Negocia\u00e7\u00e3o faz parte do plano de desinvestimentos da companhia A Petrobras informou, em comunicado na \u00faltima sexta-feira (5), que finalizou a venda de sua participa\u00e7\u00e3o&#8230;<\/p>\n","protected":false},"author":1182,"featured_media":17775,"comment_status":"closed","ping_status":"closed","sticky":false,"template":"","format":"standard","meta":{"footnotes":""},"categories":[6],"tags":[53,54,371,58,1646,71],"class_list":["post-33820","post","type-post","status-publish","format-standard","has-post-thumbnail","hentry","category-noticias","tag-campo","tag-frade","tag-negociacao","tag-petrobras","tag-petrorio","tag-venda"],"_links":{"self":[{"href":"https:\/\/www.sincomam.org.br\/index.php\/wp-json\/wp\/v2\/posts\/33820","targetHints":{"allow":["GET"]}}],"collection":[{"href":"https:\/\/www.sincomam.org.br\/index.php\/wp-json\/wp\/v2\/posts"}],"about":[{"href":"https:\/\/www.sincomam.org.br\/index.php\/wp-json\/wp\/v2\/types\/post"}],"author":[{"embeddable":true,"href":"https:\/\/www.sincomam.org.br\/index.php\/wp-json\/wp\/v2\/users\/1182"}],"replies":[{"embeddable":true,"href":"https:\/\/www.sincomam.org.br\/index.php\/wp-json\/wp\/v2\/comments?post=33820"}],"version-history":[{"count":1,"href":"https:\/\/www.sincomam.org.br\/index.php\/wp-json\/wp\/v2\/posts\/33820\/revisions"}],"predecessor-version":[{"id":33821,"href":"https:\/\/www.sincomam.org.br\/index.php\/wp-json\/wp\/v2\/posts\/33820\/revisions\/33821"}],"wp:featuredmedia":[{"embeddable":true,"href":"https:\/\/www.sincomam.org.br\/index.php\/wp-json\/wp\/v2\/media\/17775"}],"wp:attachment":[{"href":"https:\/\/www.sincomam.org.br\/index.php\/wp-json\/wp\/v2\/media?parent=33820"}],"wp:term":[{"taxonomy":"category","embeddable":true,"href":"https:\/\/www.sincomam.org.br\/index.php\/wp-json\/wp\/v2\/categories?post=33820"},{"taxonomy":"post_tag","embeddable":true,"href":"https:\/\/www.sincomam.org.br\/index.php\/wp-json\/wp\/v2\/tags?post=33820"}],"curies":[{"name":"wp","href":"https:\/\/api.w.org\/{rel}","templated":true}]}}