{"id":33817,"date":"2021-02-11T11:29:40","date_gmt":"2021-02-11T14:29:40","guid":{"rendered":"http:\/\/www.sincomam.org.br\/?p=33817"},"modified":"2021-02-11T11:29:40","modified_gmt":"2021-02-11T14:29:40","slug":"capitania-dos-portos-de-sao-paulo-combate-incendio-no-guaruja-sp","status":"publish","type":"post","link":"https:\/\/www.sincomam.org.br\/index.php\/capitania-dos-portos-de-sao-paulo-combate-incendio-no-guaruja-sp\/","title":{"rendered":"Capitania dos Portos de S\u00e3o Paulo combate inc\u00eandio no Guaruj\u00e1 (SP)"},"content":{"rendered":"<p><strong><em>Embarca\u00e7\u00f5es da Capitania dos Portos de S\u00e3o Paulo durante a\u00e7\u00e3o de combate a inc\u00eandio na Comunidade \u201cPrainha\u201d<\/em><\/strong><\/p>\n<p>A Capitania dos Portos de S\u00e3o Paulo (CPSP) informou que combateu um inc\u00eandio de grandes propor\u00e7\u00f5es na Comunidade da \u201cPrainha\u201d, munic\u00edpio de Guaruj\u00e1 (SP), nesta quarta-feira (9).<\/p>\n<p>\u201cAp\u00f3s tomar conhecimento do sinistro, a Capitania empregou imediatamente oito meios operativos da Marinha, entre eles tr\u00eas Avisos de Instru\u00e7\u00e3o da Escola Naval, (U10 &#8211; &#8220;Aspirante Nascimento&#8221;, U11 &#8211; &#8220;Guarda-Marinha Jansen&#8221; e U12 &#8211; &#8220;Guarda-Marinha Brito&#8221;), e cinco embarca\u00e7\u00f5es da CPSP, que prestaram o primeiro combate ao inc\u00eandio, a partir do canal do Porto de Santos\u201d, informou a Marinha, em nota.<\/p>\n<p>A Marinha do Brasil comunicou que se \u201csolidariza com a situa\u00e7\u00e3o das fam\u00edlias que possuem moradia no local\u201d.<\/p>\n<p>*Com informa\u00e7\u00f5es da MB<\/p>\n","protected":false},"excerpt":{"rendered":"<p>Embarca\u00e7\u00f5es da Capitania dos Portos de S\u00e3o Paulo durante a\u00e7\u00e3o de combate a inc\u00eandio na Comunidade \u201cPrainha\u201d A Capitania dos Portos de S\u00e3o Paulo (CPSP)&#8230;<\/p>\n","protected":false},"author":1182,"featured_media":33818,"comment_status":"closed","ping_status":"closed","sticky":false,"template":"","format":"standard","meta":{"footnotes":""},"categories":[6],"tags":[230,2840,1121,115,69,366],"class_list":["post-33817","post","type-post","status-publish","format-standard","has-post-thumbnail","hentry","category-noticias","tag-capitania","tag-combate","tag-guaruja","tag-incendio","tag-portos","tag-sao-paulo"],"_links":{"self":[{"href":"https:\/\/www.sincomam.org.br\/index.php\/wp-json\/wp\/v2\/posts\/33817","targetHints":{"allow":["GET"]}}],"collection":[{"href":"https:\/\/www.sincomam.org.br\/index.php\/wp-json\/wp\/v2\/posts"}],"about":[{"href":"https:\/\/www.sincomam.org.br\/index.php\/wp-json\/wp\/v2\/types\/post"}],"author":[{"embeddable":true,"href":"https:\/\/www.sincomam.org.br\/index.php\/wp-json\/wp\/v2\/users\/1182"}],"replies":[{"embeddable":true,"href":"https:\/\/www.sincomam.org.br\/index.php\/wp-json\/wp\/v2\/comments?post=33817"}],"version-history":[{"count":1,"href":"https:\/\/www.sincomam.org.br\/index.php\/wp-json\/wp\/v2\/posts\/33817\/revisions"}],"predecessor-version":[{"id":33819,"href":"https:\/\/www.sincomam.org.br\/index.php\/wp-json\/wp\/v2\/posts\/33817\/revisions\/33819"}],"wp:featuredmedia":[{"embeddable":true,"href":"https:\/\/www.sincomam.org.br\/index.php\/wp-json\/wp\/v2\/media\/33818"}],"wp:attachment":[{"href":"https:\/\/www.sincomam.org.br\/index.php\/wp-json\/wp\/v2\/media?parent=33817"}],"wp:term":[{"taxonomy":"category","embeddable":true,"href":"https:\/\/www.sincomam.org.br\/index.php\/wp-json\/wp\/v2\/categories?post=33817"},{"taxonomy":"post_tag","embeddable":true,"href":"https:\/\/www.sincomam.org.br\/index.php\/wp-json\/wp\/v2\/tags?post=33817"}],"curies":[{"name":"wp","href":"https:\/\/api.w.org\/{rel}","templated":true}]}}