{"id":33812,"date":"2021-02-11T11:15:20","date_gmt":"2021-02-11T14:15:20","guid":{"rendered":"http:\/\/www.sincomam.org.br\/?p=33812"},"modified":"2021-02-11T11:27:03","modified_gmt":"2021-02-11T14:27:03","slug":"infraestrutura-assina-contratos-de-exploracao-de-terminais-portuarios","status":"publish","type":"post","link":"https:\/\/www.sincomam.org.br\/index.php\/infraestrutura-assina-contratos-de-exploracao-de-terminais-portuarios\/","title":{"rendered":"Minist\u00e9rio da Infraestrutura assina contratos de explora\u00e7\u00e3o de terminais portu\u00e1rios"},"content":{"rendered":"<p><strong><em>Segundo pasta, investimentos previstos s\u00e3o de R$ 616,5 milh\u00f5es<\/em><\/strong><\/p>\n<p>O Minist\u00e9rio da Infraestrutura assinou nesta quarta-feira (10) quatro novos contratos de ades\u00e3o para explora\u00e7\u00e3o de Terminais de Uso Privado (TUPs) no estado do Par\u00e1. S\u00e3o eles: Petr\u00f3leo Sabb\u00e1, Louis Dreyfus, Cargill e Administradora de Bens de Infraestrutura (ABI). Juntos, esses portos receber\u00e3o investimentos de R$ 616,5 milh\u00f5es para movimenta\u00e7\u00e3o de cargas variadas, como gr\u00e3os e combust\u00edveis.<\/p>\n<p><em>&#8220;Os novos contratos com os terminais ir\u00e3o suprir uma demanda de movimenta\u00e7\u00e3o de cargas na regi\u00e3o, que se tornou um corredor log\u00edstico estrat\u00e9gico em constante crescimento&#8221;, declarou o secret\u00e1rio Nacional de Portos e Transportes Aquavi\u00e1rios do Minist\u00e9rio da Infraestrutura, Diogo Piloni, durante cerim\u00f4nia de assinatura dos contratos, em Bras\u00edlia. O evento tamb\u00e9m contou com a participa\u00e7\u00e3o do ministro Tarc\u00edsio Freitas.<\/em><\/p>\n<p>Os terminais Cargill e Louis Dreyfus est\u00e3o localizados nos munic\u00edpios de Rur\u00f3polis e Itaituba, que fazem parte da rota de escoamento de exporta\u00e7\u00e3o de gran\u00e9is agr\u00edcolas do chamado Arco Norte, que re\u00fane portos da regi\u00e3o Norte e Nordeste do pa\u00eds de onde s\u00e3o exportados parte da produ\u00e7\u00e3o agr\u00edcola brasileira. Segundo a pasta, esses terminais ser\u00e3o respons\u00e1veis por movimentar gran\u00e9is s\u00f3lidos, principalmente vegetais. A estimativa total de movimenta\u00e7\u00e3o da carga de ambos terminais \u00e9 de 6,7 milh\u00f5es de toneladas\/ano.<\/p>\n<p>J\u00e1 os terminais Petr\u00f3leo Sabb\u00e1 e ABI ir\u00e3o movimentar gran\u00e9is l\u00edquidos combust\u00edveis, que se destinam ao armazenamento, distribui\u00e7\u00e3o e ao abastecimento regional de combust\u00edveis nos munic\u00edpios de Itaituba e Santar\u00e9m.<\/p>\n<p>Os TUPs s\u00e3o terminais outorgados pela Ag\u00eancia Nacional de Transportes Aquavi\u00e1rios (Antaq) para empresas privadas. De acordo com o Minist\u00e9rio da Infraestrutura, nos \u00faltimos dois anos, foram assinados 78 contratos de ades\u00e3o com empresas, que representam R$ 6 bilh\u00f5es em investimentos no modal portu\u00e1rio.<\/p>\n<p>Fonte: Ag\u00eancia Brasil<\/p>\n","protected":false},"excerpt":{"rendered":"<p>Segundo pasta, investimentos previstos s\u00e3o de R$ 616,5 milh\u00f5es O Minist\u00e9rio da Infraestrutura assinou nesta quarta-feira (10) quatro novos contratos de ades\u00e3o para explora\u00e7\u00e3o de&#8230;<\/p>\n","protected":false},"author":1182,"featured_media":33813,"comment_status":"closed","ping_status":"closed","sticky":false,"template":"","format":"standard","meta":{"footnotes":""},"categories":[6],"tags":[1084,249,136,66,2979,513,69,1026,656],"class_list":["post-33812","post","type-post","status-publish","format-standard","has-post-thumbnail","hentry","category-noticias","tag-assinatura","tag-exploracao","tag-infraestrutura","tag-investimentos","tag-ministerio-da-infraestrutura","tag-para","tag-portos","tag-portuario","tag-terminal"],"_links":{"self":[{"href":"https:\/\/www.sincomam.org.br\/index.php\/wp-json\/wp\/v2\/posts\/33812","targetHints":{"allow":["GET"]}}],"collection":[{"href":"https:\/\/www.sincomam.org.br\/index.php\/wp-json\/wp\/v2\/posts"}],"about":[{"href":"https:\/\/www.sincomam.org.br\/index.php\/wp-json\/wp\/v2\/types\/post"}],"author":[{"embeddable":true,"href":"https:\/\/www.sincomam.org.br\/index.php\/wp-json\/wp\/v2\/users\/1182"}],"replies":[{"embeddable":true,"href":"https:\/\/www.sincomam.org.br\/index.php\/wp-json\/wp\/v2\/comments?post=33812"}],"version-history":[{"count":3,"href":"https:\/\/www.sincomam.org.br\/index.php\/wp-json\/wp\/v2\/posts\/33812\/revisions"}],"predecessor-version":[{"id":33816,"href":"https:\/\/www.sincomam.org.br\/index.php\/wp-json\/wp\/v2\/posts\/33812\/revisions\/33816"}],"wp:featuredmedia":[{"embeddable":true,"href":"https:\/\/www.sincomam.org.br\/index.php\/wp-json\/wp\/v2\/media\/33813"}],"wp:attachment":[{"href":"https:\/\/www.sincomam.org.br\/index.php\/wp-json\/wp\/v2\/media?parent=33812"}],"wp:term":[{"taxonomy":"category","embeddable":true,"href":"https:\/\/www.sincomam.org.br\/index.php\/wp-json\/wp\/v2\/categories?post=33812"},{"taxonomy":"post_tag","embeddable":true,"href":"https:\/\/www.sincomam.org.br\/index.php\/wp-json\/wp\/v2\/tags?post=33812"}],"curies":[{"name":"wp","href":"https:\/\/api.w.org\/{rel}","templated":true}]}}