{"id":33810,"date":"2021-02-11T10:59:09","date_gmt":"2021-02-11T13:59:09","guid":{"rendered":"http:\/\/www.sincomam.org.br\/?p=33810"},"modified":"2021-02-11T10:59:09","modified_gmt":"2021-02-11T13:59:09","slug":"camara-aprovou-projeto-que-garante-autonomia-do-banco-central","status":"publish","type":"post","link":"https:\/\/www.sincomam.org.br\/index.php\/camara-aprovou-projeto-que-garante-autonomia-do-banco-central\/","title":{"rendered":"C\u00e2mara aprovou projeto que garante autonomia do Banco Central"},"content":{"rendered":"<p><strong><em>BC diz que autonomia trar\u00e1 benef\u00edcios importantes ao pa\u00eds<\/em><\/strong><\/p>\n<p>A C\u00e2mara dos Deputados aprovou nesta quarta-feira (10) o projeto que prev\u00ea autonomia para o Banco Central. A mat\u00e9ria segue para san\u00e7\u00e3o do presidente Jair Bolsonaro.<\/p>\n<p>O PLP 19\/19 foi aprovado pelo Senado em novembro de 2020 e confere mandato de quatro anos para o presidente e diretores da autarquia federal. O texto estabelece que o Banco Central passa a se classificar como autarquia de natureza especial caracterizada pela &#8220;aus\u00eancia de vincula\u00e7\u00e3o a minist\u00e9rio, de tutela ou de subordina\u00e7\u00e3o hier\u00e1rquica&#8221;.<\/p>\n<p>Para o relator do PLP, deputado Silvio Costa Filho (Republicanos-PE), a medida vai melhorar a nota do Brasil em rela\u00e7\u00e3o aos investidores internacionais. O parlamentar reiterou que a proposta \u00e9 discutida no Congresso h\u00e1 27 anos.<\/p>\n<p><strong>Proposta<\/strong><\/p>\n<p>De acordo com o texto, o presidente indicar\u00e1 os nomes, que ser\u00e3o sabatinados pelo Senado e, caso aprovados, assumir\u00e3o os postos. Os indicados, em caso de aprova\u00e7\u00e3o pelo Senado, assumir\u00e3o no primeiro dia \u00fatil do terceiro ano do mandato do presidente da Rep\u00fablica.<\/p>\n<p>O projeto estabelece mandatos do presidente e diretores de vig\u00eancia n\u00e3o coincidente com o mandato de presidente da Rep\u00fablica. Diretores e o pr\u00f3prio presidente da autarquia, que ter\u00e1 natureza especial e desvinculada de qualquer minist\u00e9rio, n\u00e3o poder\u00e3o ser responsabilizados pelos atos realizados no exerc\u00edcio de suas atribui\u00e7\u00f5es se eles forem de boa-f\u00e9 e n\u00e3o tiverem dolo ou fraude. Essa regra tamb\u00e9m se aplica aos servidores e ex-servidores das carreiras do banco e aos ex-ocupantes dos cargos da diretoria.<\/p>\n<p>O texto prev\u00ea ainda que o presidente do BC deve apresentar a cada semestre ao Senado relat\u00f3rios de infla\u00e7\u00e3o e de estabilidade financeira, explicando as decis\u00f5es tomadas.<\/p>\n<p><strong>Resposta BC<\/strong><\/p>\n<p>O Banco Central (BC) informou, em nota, que a aprova\u00e7\u00e3o da lei que garante a autonomia do BC trar\u00e1 benef\u00edcios importantes ao pa\u00eds no m\u00e9dio e longo prazos.<\/p>\n<p>Segundo a nota, a experi\u00eancia internacional mostra que uma maior autonomia do banco central est\u00e1 relacionada a n\u00edveis mais baixos e menor volatilidade da infla\u00e7\u00e3o e contribui para a estabilidade do sistema financeiro.<\/p>\n<p><em>\u201cA aprova\u00e7\u00e3o da autonomia do BC] \u00e9 uma mudan\u00e7a que trar\u00e1 benef\u00edcios importantes ao pa\u00eds no m\u00e9dio e longo prazos,\u201d diz a nota, que acrescenta que nos \u00faltimos 25 anos no Brasil, tanto a infla\u00e7\u00e3o quanto as taxas de juros convergiram gradualmente para \u00edndices que refletem o aumento da credibilidade da pol\u00edtica monet\u00e1ria.<\/em><\/p>\n<p>Fonte: Ag\u00eancia Brasil<\/p>\n","protected":false},"excerpt":{"rendered":"<p>BC diz que autonomia trar\u00e1 benef\u00edcios importantes ao pa\u00eds A C\u00e2mara dos Deputados aprovou nesta quarta-feira (10) o projeto que prev\u00ea autonomia para o Banco&#8230;<\/p>\n","protected":false},"author":1182,"featured_media":18067,"comment_status":"closed","ping_status":"closed","sticky":false,"template":"","format":"standard","meta":{"footnotes":""},"categories":[6],"tags":[818,4341,1811,61,732,367,924],"class_list":["post-33810","post","type-post","status-publish","format-standard","has-post-thumbnail","hentry","category-noticias","tag-aprovacao","tag-autonomia","tag-banco-central","tag-brasil","tag-camara","tag-projeto","tag-senado"],"_links":{"self":[{"href":"https:\/\/www.sincomam.org.br\/index.php\/wp-json\/wp\/v2\/posts\/33810","targetHints":{"allow":["GET"]}}],"collection":[{"href":"https:\/\/www.sincomam.org.br\/index.php\/wp-json\/wp\/v2\/posts"}],"about":[{"href":"https:\/\/www.sincomam.org.br\/index.php\/wp-json\/wp\/v2\/types\/post"}],"author":[{"embeddable":true,"href":"https:\/\/www.sincomam.org.br\/index.php\/wp-json\/wp\/v2\/users\/1182"}],"replies":[{"embeddable":true,"href":"https:\/\/www.sincomam.org.br\/index.php\/wp-json\/wp\/v2\/comments?post=33810"}],"version-history":[{"count":1,"href":"https:\/\/www.sincomam.org.br\/index.php\/wp-json\/wp\/v2\/posts\/33810\/revisions"}],"predecessor-version":[{"id":33811,"href":"https:\/\/www.sincomam.org.br\/index.php\/wp-json\/wp\/v2\/posts\/33810\/revisions\/33811"}],"wp:featuredmedia":[{"embeddable":true,"href":"https:\/\/www.sincomam.org.br\/index.php\/wp-json\/wp\/v2\/media\/18067"}],"wp:attachment":[{"href":"https:\/\/www.sincomam.org.br\/index.php\/wp-json\/wp\/v2\/media?parent=33810"}],"wp:term":[{"taxonomy":"category","embeddable":true,"href":"https:\/\/www.sincomam.org.br\/index.php\/wp-json\/wp\/v2\/categories?post=33810"},{"taxonomy":"post_tag","embeddable":true,"href":"https:\/\/www.sincomam.org.br\/index.php\/wp-json\/wp\/v2\/tags?post=33810"}],"curies":[{"name":"wp","href":"https:\/\/api.w.org\/{rel}","templated":true}]}}