{"id":33806,"date":"2021-02-11T10:35:30","date_gmt":"2021-02-11T13:35:30","guid":{"rendered":"http:\/\/www.sincomam.org.br\/?p=33806"},"modified":"2021-02-11T10:35:30","modified_gmt":"2021-02-11T13:35:30","slug":"bancos-nao-terao-expediente-durante-feriado-de-carnaval-neste-ano","status":"publish","type":"post","link":"https:\/\/www.sincomam.org.br\/index.php\/bancos-nao-terao-expediente-durante-feriado-de-carnaval-neste-ano\/","title":{"rendered":"Bancos n\u00e3o ter\u00e3o expediente durante feriado de carnaval neste ano"},"content":{"rendered":"<p><strong><em>A informa\u00e7\u00e3o foi anunciada pela Febraban; Atendimento ser\u00e1 retomado na quarta-feira de cinzas a partir das 12h<\/em><\/strong><\/p>\n<p>Em raz\u00e3o da pandemia de covid-19, muitos estados e mun\u00edcipios brasileiros revogaram seus pontos facultativos e cancelaram suas festas e desfiles de carnaval. A Federa\u00e7\u00e3o Brasileira de Bancos (Febraban) informou que, de acordo resolu\u00e7\u00e3o do Banco Central, o calend\u00e1rio de feriados banc\u00e1rios est\u00e1 mantido e nos dias 15 e 16\/02 &#8211; segunda e ter\u00e7a-feira de carnaval &#8211; n\u00e3o haver\u00e1 atendimento ao p\u00fablico nas ag\u00eancias. J\u00e1 na\u00a0quarta-feira de cinzas (17) o in\u00edcio do expediente ser\u00e1 \u00e0s 12h, com encerramento em hor\u00e1rio normal de fechamento das ag\u00eancias.<\/p>\n<p>Nas localidades em que as ag\u00eancias fecham normalmente antes das 15h, o in\u00edcio do atendimento ao p\u00fablico ser\u00e1 antecipado, de modo a garantir o m\u00ednimo de 3 horas de funcionamento.<\/p>\n<p>A Federa\u00e7\u00e3o orientou os clientes a utilizarem preferencialmente os canais digitais, como sites e aplicativo dos bancos, para a realiza\u00e7\u00e3o de transfer\u00eancias e pagamento de contas nos dias em que n\u00e3o houver expediente banc\u00e1rio nas ag\u00eancias.<\/p>\n<p>De acordo com o comunicado da Febraban, as contas de consumo (\u00e1gua, energia, telefone, entre outros) e carn\u00eas com vencimento em 15 ou 16 de fevereiro poder\u00e3o ser pagos, sem acr\u00e9scimo, na quarta-feira (17).<\/p>\n","protected":false},"excerpt":{"rendered":"<p>A informa\u00e7\u00e3o foi anunciada pela Febraban; Atendimento ser\u00e1 retomado na quarta-feira de cinzas a partir das 12h Em raz\u00e3o da pandemia de covid-19, muitos estados&#8230;<\/p>\n","protected":false},"author":1182,"featured_media":33807,"comment_status":"closed","ping_status":"closed","sticky":false,"template":"","format":"standard","meta":{"footnotes":""},"categories":[6],"tags":[1384,3262,61,608,2498,475,4339,4340,1078,964,204,696],"class_list":["post-33806","post","type-post","status-publish","format-standard","has-post-thumbnail","hentry","category-noticias","tag-agencia","tag-banco","tag-brasil","tag-carnaval","tag-consumo","tag-contas","tag-expediente","tag-febraban","tag-fechamento","tag-feriado","tag-pagamento","tag-saque"],"_links":{"self":[{"href":"https:\/\/www.sincomam.org.br\/index.php\/wp-json\/wp\/v2\/posts\/33806","targetHints":{"allow":["GET"]}}],"collection":[{"href":"https:\/\/www.sincomam.org.br\/index.php\/wp-json\/wp\/v2\/posts"}],"about":[{"href":"https:\/\/www.sincomam.org.br\/index.php\/wp-json\/wp\/v2\/types\/post"}],"author":[{"embeddable":true,"href":"https:\/\/www.sincomam.org.br\/index.php\/wp-json\/wp\/v2\/users\/1182"}],"replies":[{"embeddable":true,"href":"https:\/\/www.sincomam.org.br\/index.php\/wp-json\/wp\/v2\/comments?post=33806"}],"version-history":[{"count":1,"href":"https:\/\/www.sincomam.org.br\/index.php\/wp-json\/wp\/v2\/posts\/33806\/revisions"}],"predecessor-version":[{"id":33808,"href":"https:\/\/www.sincomam.org.br\/index.php\/wp-json\/wp\/v2\/posts\/33806\/revisions\/33808"}],"wp:featuredmedia":[{"embeddable":true,"href":"https:\/\/www.sincomam.org.br\/index.php\/wp-json\/wp\/v2\/media\/33807"}],"wp:attachment":[{"href":"https:\/\/www.sincomam.org.br\/index.php\/wp-json\/wp\/v2\/media?parent=33806"}],"wp:term":[{"taxonomy":"category","embeddable":true,"href":"https:\/\/www.sincomam.org.br\/index.php\/wp-json\/wp\/v2\/categories?post=33806"},{"taxonomy":"post_tag","embeddable":true,"href":"https:\/\/www.sincomam.org.br\/index.php\/wp-json\/wp\/v2\/tags?post=33806"}],"curies":[{"name":"wp","href":"https:\/\/api.w.org\/{rel}","templated":true}]}}