{"id":33790,"date":"2021-02-10T16:49:11","date_gmt":"2021-02-10T19:49:11","guid":{"rendered":"http:\/\/www.sincomam.org.br\/?p=33790"},"modified":"2021-02-10T16:49:11","modified_gmt":"2021-02-10T19:49:11","slug":"estacao-antartica-comandante-ferraz-comemora-seu-37o-aniversario","status":"publish","type":"post","link":"https:\/\/www.sincomam.org.br\/index.php\/estacao-antartica-comandante-ferraz-comemora-seu-37o-aniversario\/","title":{"rendered":"Esta\u00e7\u00e3o Ant\u00e1rtica Comandante Ferraz comemora seu 37\u00ba anivers\u00e1rio"},"content":{"rendered":"<p><strong><em>Durante\u00a0a cerim\u00f4nia\u00a0foi\u00a0realizada\u00a0celebra\u00e7\u00e3o inter-religiosa, relembrando a primeira missa brasileira no Continente Gelado, em 1984<\/em><\/strong><\/p>\n<p>Foi comemorado,\u00a0em 6 de fevereiro,\u00a0o 37\u00ba anivers\u00e1rio da Esta\u00e7\u00e3o Ant\u00e1rtica Comandante Ferraz (EACF), com a participa\u00e7\u00e3o dos integrantes do Grupo-Base POLARIS, al\u00e9m de representantes da Secretaria da Comiss\u00e3o Interministerial para os Recursos do Mar, do Navio de Apoio Oceanogr\u00e1fico \u201cAry Rongel\u201d e de funcion\u00e1rios da empresa\u00a0China <em>Electronics Import and Export Corporation<\/em>.<\/p>\n<p>Inicialmente\u00a0conformada por oito m\u00f3dulos cont\u00eaineres e com capacidade para acomodar\u00a012\u00a0pessoas,\u00a0a inaugura\u00e7\u00e3o da EACF estabelecia os alicerces que tornariam perene a presen\u00e7a f\u00edsica do Brasil na Ant\u00e1rtica.<\/p>\n<p>Hoje,\u00a0a rec\u00e9m-reinaugurada EACF ocupa um complexo de cerca de 4.500 m\u00b2, disp\u00f5e de\u00a017\u00a0laborat\u00f3rios, equipados para atender pesquisas de alto n\u00edvel em diversas \u00e1reas do conhecimento, e conta com acomoda\u00e7\u00f5es para 64 pessoas.<\/p>\n<p>A EACF representa a concretiza\u00e7\u00e3o das aspira\u00e7\u00f5es nacionais de estar presente e desenvolver atividades de pesquisa cient\u00edfica no Continente Branco, contribuindo para que o Pa\u00eds mantenha a condi\u00e7\u00e3o de Membro Consultivo do Tratado Ant\u00e1rtico e tenha assegurado direito a voz e voto na defini\u00e7\u00e3o do futuro do Continente.<\/p>\n<p>*Com informa\u00e7\u00f5es da MB<\/p>\n","protected":false},"excerpt":{"rendered":"<p>Durante\u00a0a cerim\u00f4nia\u00a0foi\u00a0realizada\u00a0celebra\u00e7\u00e3o inter-religiosa, relembrando a primeira missa brasileira no Continente Gelado, em 1984 Foi comemorado,\u00a0em 6 de fevereiro,\u00a0o 37\u00ba anivers\u00e1rio da Esta\u00e7\u00e3o Ant\u00e1rtica Comandante Ferraz&#8230;<\/p>\n","protected":false},"author":1182,"featured_media":33791,"comment_status":"closed","ping_status":"closed","sticky":false,"template":"","format":"standard","meta":{"footnotes":""},"categories":[6],"tags":[814,1727,816,815],"class_list":["post-33790","post","type-post","status-publish","format-standard","has-post-thumbnail","hentry","category-noticias","tag-antartica","tag-celebracao","tag-comandante-ferraz","tag-estacao"],"_links":{"self":[{"href":"https:\/\/www.sincomam.org.br\/index.php\/wp-json\/wp\/v2\/posts\/33790","targetHints":{"allow":["GET"]}}],"collection":[{"href":"https:\/\/www.sincomam.org.br\/index.php\/wp-json\/wp\/v2\/posts"}],"about":[{"href":"https:\/\/www.sincomam.org.br\/index.php\/wp-json\/wp\/v2\/types\/post"}],"author":[{"embeddable":true,"href":"https:\/\/www.sincomam.org.br\/index.php\/wp-json\/wp\/v2\/users\/1182"}],"replies":[{"embeddable":true,"href":"https:\/\/www.sincomam.org.br\/index.php\/wp-json\/wp\/v2\/comments?post=33790"}],"version-history":[{"count":1,"href":"https:\/\/www.sincomam.org.br\/index.php\/wp-json\/wp\/v2\/posts\/33790\/revisions"}],"predecessor-version":[{"id":33792,"href":"https:\/\/www.sincomam.org.br\/index.php\/wp-json\/wp\/v2\/posts\/33790\/revisions\/33792"}],"wp:featuredmedia":[{"embeddable":true,"href":"https:\/\/www.sincomam.org.br\/index.php\/wp-json\/wp\/v2\/media\/33791"}],"wp:attachment":[{"href":"https:\/\/www.sincomam.org.br\/index.php\/wp-json\/wp\/v2\/media?parent=33790"}],"wp:term":[{"taxonomy":"category","embeddable":true,"href":"https:\/\/www.sincomam.org.br\/index.php\/wp-json\/wp\/v2\/categories?post=33790"},{"taxonomy":"post_tag","embeddable":true,"href":"https:\/\/www.sincomam.org.br\/index.php\/wp-json\/wp\/v2\/tags?post=33790"}],"curies":[{"name":"wp","href":"https:\/\/api.w.org\/{rel}","templated":true}]}}