{"id":33784,"date":"2021-02-10T15:19:22","date_gmt":"2021-02-10T18:19:22","guid":{"rendered":"http:\/\/www.sincomam.org.br\/?p=33784"},"modified":"2021-02-10T15:19:22","modified_gmt":"2021-02-10T18:19:22","slug":"fgts-bolsa-familia-pis-pasep-e-13o-do-inss-liberados-este-mes","status":"publish","type":"post","link":"https:\/\/www.sincomam.org.br\/index.php\/fgts-bolsa-familia-pis-pasep-e-13o-do-inss-liberados-este-mes\/","title":{"rendered":"FGTS, Bolsa Fam\u00edlia, PIS\/PASEP e 13\u00ba do INSS liberados este m\u00eas"},"content":{"rendered":"<p>Al\u00e9m da reformula\u00e7\u00e3o do aux\u00edlio emergencial para este ano, o Governo Federal tem estudado a libera\u00e7\u00e3o de outros benef\u00edcios emergenciais que podem ser liberados ainda este m\u00eas de fevereiro, com o objetivo de amenizar os impactos econ\u00f4micos causados pelo agravamento da pandemia no pa\u00eds.<\/p>\n<p>Dentre os benef\u00edcios que podem ser liberados ainda este m\u00eas de fevereiro temos a libera\u00e7\u00e3o:<\/p>\n<ul>\n<li>Antecipa\u00e7\u00e3o do 13\u00ba sal\u00e1rio para aposentados e pensionistas do INSS<\/li>\n<li>Abono salarial PIS\/Pasep<\/li>\n<li>Novo Bolsa Fam\u00edlia<\/li>\n<li>Saque do FGTS Emergencial<\/li>\n<\/ul>\n<p>Confira, \u00e0 seguir, a situa\u00e7\u00e3o dos benef\u00edcios emergenciais previstos:<\/p>\n<h2 id=\"h-fgts-emergencial\"><strong>FGTS emergencial<\/strong><\/h2>\n<p>Um dos benef\u00edcios que tem grandes chances de serem liberados nos pr\u00f3ximos dias \u00e9 o saque emergencial do FGTS. A medida foi anunciada pelo governo em 2020 como objetivo de amenizar os impactos econ\u00f4micos, permitindo que os trabalhadores pudessem resgatar at\u00e9 um sal\u00e1rio m\u00ednimo das contas do fundo.<\/p>\n<p>Para este ano, apesar da data n\u00e3o ter sido prevista ainda, a libera\u00e7\u00e3o pode acontecer muito em breve. Vale lembrar que em declara\u00e7\u00e3o no ano passado, membros do governo informaram que a libera\u00e7\u00e3o do saque poderia acontecer ainda nos primeiros dias do ano, caso o governo encontrasse a necessidade de liberar o saque.<\/p>\n<p>Caso a medida funcione nos mesmos moldes de 2020, o valor liberado em 2021 ser\u00e1 de um sal\u00e1rio m\u00ednimo, ou seja,\u00a0R$ 1.100.<\/p>\n<h2><strong>Novo Bolsa Fam\u00edlia<\/strong><\/h2>\n<p>O novo Bolsa Fam\u00edlia est\u00e1 previsto para ser lan\u00e7ado nos pr\u00f3ximos dias, segundo informou o ministro da Cidadania Onyx Lorenzoni, o novo formato j\u00e1 est\u00e1 pronto e aguarda apenas a autoriza\u00e7\u00e3o do presidente Jair Bolsonaro para oficializar as novas mudan\u00e7as.<\/p>\n<p>O ministro ainda, informou que o presidente deve autorizar que a apresenta\u00e7\u00e3o de um novo Bolsa Fam\u00edlia, mas, que seus moldes n\u00e3o ser\u00e3o alterados.<\/p>\n<p>Dentre as mudan\u00e7as\u00a0os dois principais pontos de destaque s\u00e3o referentes ao ticket m\u00e9dio pago pelo programa, que devera subir de R$ 192 para um ticket superior aos R$ 200.<\/p>\n<p>Vale lembrar que o Bolsa Fam\u00edlia atual paga valores entre R$ 42 \u00e0 R$ 205, contudo a m\u00e9dia paga pelo programa \u00e9 de R$ 192, e est\u00e1 m\u00e9dia \u00e9 que devia subir para R$ 200, ou seja, independente de quanto o benefici\u00e1rio ganha o mesmo poder\u00e1 ter o valor reajustado.<\/p>\n<p>Tamb\u00e9m haver\u00e1 o reajuste relacionado a renda, o que permitira que 300 mil novas fam\u00edlias ingressem no programa. Onde a situa\u00e7\u00e3o de extrema pobreza, atualmente reconhecida quando a renda \u00e9 de at\u00e9 R$ 89 por pessoa, subir\u00e1 a cerca de R$ 92 por pessoa. J\u00e1 a situa\u00e7\u00e3o de pobreza, quando a renda \u00e9 de at\u00e9 R$ 178 por pessoa, ser\u00e1 alterada para aproximadamente R$ 192 por pessoa.<\/p>\n<p>Al\u00e9m disso, tr\u00eas bolsas por m\u00e9rito devem ser criadas pelo governo, sendo elas a Bolsa escolar, Bolsa Esportiva e Bolsa cient\u00edfica. O objetivo de tal medida \u00e9 premiar estudantes das fam\u00edlias do Bolsa por meio de seus desempenhos nessas \u00e1reas.<\/p>\n<h2><strong>13\u00ba sal\u00e1rio do INSS e o abono salarial<\/strong><\/h2>\n<p>O abono salarial do PIS\/Pasep foi o primeiro benef\u00edcio j\u00e1 confirmado e liberado para 2021, o abono teve sua antecipa\u00e7\u00e3o para o dia 11 de fevereiro para todos os benefici\u00e1rios que aguardavam a libera\u00e7\u00e3o do calend\u00e1rio 2019\/2020.<\/p>\n<p>Com rela\u00e7\u00e3o ao 13\u00ba sal\u00e1rio do INSS, o calend\u00e1rio ainda n\u00e3o foi divulgado, contudo, segundo informa\u00e7\u00f5es de membros do governo, a primeira parcela do 13\u00ba sal\u00e1rio deve ser liberada ainda em fevereiro.<\/p>\n<p>Fonte: Jornal Cont\u00e1bil<\/p>\n","protected":false},"excerpt":{"rendered":"<p>Al\u00e9m da reformula\u00e7\u00e3o do aux\u00edlio emergencial para este ano, o Governo Federal tem estudado a libera\u00e7\u00e3o de outros benef\u00edcios emergenciais que podem ser liberados ainda&#8230;<\/p>\n","protected":false},"author":1182,"featured_media":33584,"comment_status":"closed","ping_status":"closed","sticky":false,"template":"","format":"standard","meta":{"footnotes":""},"categories":[6],"tags":[1757,1454],"class_list":["post-33784","post","type-post","status-publish","format-standard","has-post-thumbnail","hentry","category-noticias","tag-auxilio","tag-beneficios"],"_links":{"self":[{"href":"https:\/\/www.sincomam.org.br\/index.php\/wp-json\/wp\/v2\/posts\/33784","targetHints":{"allow":["GET"]}}],"collection":[{"href":"https:\/\/www.sincomam.org.br\/index.php\/wp-json\/wp\/v2\/posts"}],"about":[{"href":"https:\/\/www.sincomam.org.br\/index.php\/wp-json\/wp\/v2\/types\/post"}],"author":[{"embeddable":true,"href":"https:\/\/www.sincomam.org.br\/index.php\/wp-json\/wp\/v2\/users\/1182"}],"replies":[{"embeddable":true,"href":"https:\/\/www.sincomam.org.br\/index.php\/wp-json\/wp\/v2\/comments?post=33784"}],"version-history":[{"count":1,"href":"https:\/\/www.sincomam.org.br\/index.php\/wp-json\/wp\/v2\/posts\/33784\/revisions"}],"predecessor-version":[{"id":33785,"href":"https:\/\/www.sincomam.org.br\/index.php\/wp-json\/wp\/v2\/posts\/33784\/revisions\/33785"}],"wp:featuredmedia":[{"embeddable":true,"href":"https:\/\/www.sincomam.org.br\/index.php\/wp-json\/wp\/v2\/media\/33584"}],"wp:attachment":[{"href":"https:\/\/www.sincomam.org.br\/index.php\/wp-json\/wp\/v2\/media?parent=33784"}],"wp:term":[{"taxonomy":"category","embeddable":true,"href":"https:\/\/www.sincomam.org.br\/index.php\/wp-json\/wp\/v2\/categories?post=33784"},{"taxonomy":"post_tag","embeddable":true,"href":"https:\/\/www.sincomam.org.br\/index.php\/wp-json\/wp\/v2\/tags?post=33784"}],"curies":[{"name":"wp","href":"https:\/\/api.w.org\/{rel}","templated":true}]}}