{"id":33765,"date":"2021-02-09T10:28:46","date_gmt":"2021-02-09T13:28:46","guid":{"rendered":"http:\/\/www.sincomam.org.br\/?p=33765"},"modified":"2021-02-09T10:28:46","modified_gmt":"2021-02-09T13:28:46","slug":"governo-federal-fecha-parceria-para-producao-de-vacina-nacional-contra-a-covid-19","status":"publish","type":"post","link":"https:\/\/www.sincomam.org.br\/index.php\/governo-federal-fecha-parceria-para-producao-de-vacina-nacional-contra-a-covid-19\/","title":{"rendered":"Governo Federal fecha parceria para produ\u00e7\u00e3o de vacina nacional contra a Covid-19"},"content":{"rendered":"<p><strong><em>Pesquisas no CT Vacinas da UFMG visam produ\u00e7\u00e3o nacional de imunizante contra o novo coronav\u00edrus<\/em><\/strong><\/p>\n<p>O Minist\u00e9rio da Ci\u00eancia, Tecnologia e Inova\u00e7\u00f5es (MCTI) estabeleceu uma parceria com o governo de Minas Gerais e a Universidade Federal de Minas Gerais com o objetivo de desenvolver vacinas nacionais contra a Covid-19.<\/p>\n<p>Durante a reuni\u00e3o, realizada na \u00faltima quinta-feira (4), foi destacada a import\u00e2ncia do CT Vacinas no \u00e2mbito da UFMG. Os estudos iniciais j\u00e1 foram conclu\u00eddos. Para a segunda fase ser\u00e1 necess\u00e1rio um investimento de R$ 30 milh\u00f5es a R$ 40 milh\u00f5es.<\/p>\n<p><em>\u201cEssa vacina feita em Minas Gerais com tecnologia nacional \u00e9 muito importante para o estado, important\u00edssima para o pa\u00eds como um todo e para o conforto emocional da popula\u00e7\u00e3o, ao sabermos que n\u00f3s temos uma vacina nacional sendo desenvolvida aqui\u201d, ressaltou o ministro Marcos Pontes, ao apontar a relev\u00e2ncia tamb\u00e9m para a ci\u00eancia nacional.<\/em><\/p>\n<p>A reitora da Universidade Federal de Minas Gerais, Sandra Regina Goulart, classificou a parceria do MCTI como um apoio imprescind\u00edvel para se pensar em uma vacina que seja brasileira. \u201cO CT Vacinas da UFMG tem tido um papel importante n\u00e3o apenas em fazer uma pesquisa de vacinas, mas tamb\u00e9m de trabalhar com diagn\u00f3sticos nacionais. Nossa expectativa \u00e9 que a gente possa pensar a longo prazo, e que esse Centro de Vacinas Tecnol\u00f3gicas da UFMG se torne um Centro especializado em vacinas para v\u00e1rias outras situa\u00e7\u00f5es que n\u00f3s sabemos que iremos enfrentar no futuro\u201d, destacou a reitora.<\/p>\n<p>*Com informa\u00e7\u00f5es do MCTI\/Casa Civil<\/p>\n","protected":false},"excerpt":{"rendered":"<p>Pesquisas no CT Vacinas da UFMG visam produ\u00e7\u00e3o nacional de imunizante contra o novo coronav\u00edrus O Minist\u00e9rio da Ci\u00eancia, Tecnologia e Inova\u00e7\u00f5es (MCTI) estabeleceu uma&#8230;<\/p>\n","protected":false},"author":1182,"featured_media":29316,"comment_status":"closed","ping_status":"closed","sticky":false,"template":"","format":"standard","meta":{"footnotes":""},"categories":[6],"tags":[61,1426,2752,2751,414,630,76,674],"class_list":["post-33765","post","type-post","status-publish","format-standard","has-post-thumbnail","hentry","category-noticias","tag-brasil","tag-ciencia","tag-coronavirus","tag-covid-19","tag-governo-federal","tag-pesquisa","tag-producao","tag-vacina"],"_links":{"self":[{"href":"https:\/\/www.sincomam.org.br\/index.php\/wp-json\/wp\/v2\/posts\/33765","targetHints":{"allow":["GET"]}}],"collection":[{"href":"https:\/\/www.sincomam.org.br\/index.php\/wp-json\/wp\/v2\/posts"}],"about":[{"href":"https:\/\/www.sincomam.org.br\/index.php\/wp-json\/wp\/v2\/types\/post"}],"author":[{"embeddable":true,"href":"https:\/\/www.sincomam.org.br\/index.php\/wp-json\/wp\/v2\/users\/1182"}],"replies":[{"embeddable":true,"href":"https:\/\/www.sincomam.org.br\/index.php\/wp-json\/wp\/v2\/comments?post=33765"}],"version-history":[{"count":1,"href":"https:\/\/www.sincomam.org.br\/index.php\/wp-json\/wp\/v2\/posts\/33765\/revisions"}],"predecessor-version":[{"id":33766,"href":"https:\/\/www.sincomam.org.br\/index.php\/wp-json\/wp\/v2\/posts\/33765\/revisions\/33766"}],"wp:featuredmedia":[{"embeddable":true,"href":"https:\/\/www.sincomam.org.br\/index.php\/wp-json\/wp\/v2\/media\/29316"}],"wp:attachment":[{"href":"https:\/\/www.sincomam.org.br\/index.php\/wp-json\/wp\/v2\/media?parent=33765"}],"wp:term":[{"taxonomy":"category","embeddable":true,"href":"https:\/\/www.sincomam.org.br\/index.php\/wp-json\/wp\/v2\/categories?post=33765"},{"taxonomy":"post_tag","embeddable":true,"href":"https:\/\/www.sincomam.org.br\/index.php\/wp-json\/wp\/v2\/tags?post=33765"}],"curies":[{"name":"wp","href":"https:\/\/api.w.org\/{rel}","templated":true}]}}