{"id":33743,"date":"2021-02-08T09:31:06","date_gmt":"2021-02-08T12:31:06","guid":{"rendered":"http:\/\/www.sincomam.org.br\/?p=33743"},"modified":"2021-02-08T09:31:06","modified_gmt":"2021-02-08T12:31:06","slug":"supremo-confirma-acordo-com-novos-prazos-para-inss-analisar-beneficios","status":"publish","type":"post","link":"https:\/\/www.sincomam.org.br\/index.php\/supremo-confirma-acordo-com-novos-prazos-para-inss-analisar-beneficios\/","title":{"rendered":"Supremo confirma acordo com novos prazos para INSS analisar benef\u00edcios"},"content":{"rendered":"<p><strong><em>An\u00e1lise de pedidos ter\u00e1 que ser feita em prazos de 30 a 90 dias<\/em><\/strong><\/p>\n<p>O Supremo Tribunal Federal (STF) homologou, por unanimidade, um acordo que estabelece novos prazos, de 30 a 90 dias, para que o Instituto Nacional do Seguro Social (INSS) analise pedidos de benef\u00edcios assistenciais, com o objetivo de zerar a fila de espera. O INSS tem seis meses para se adaptar \u00e0s novas regras.<\/p>\n<p>A decis\u00e3o foi tomada em sess\u00e3o plen\u00e1ria virtual encerrada \u00e0s 23h59 da \u00faltima sexta-feira (5). Nesse formato, os ministros do Supremo inserem os votos em um sistema remoto. Com o julgamento, foi confirmada uma liminar (decis\u00e3o provis\u00f3ria) que havia sido concedida em dezembro pelo relator do assunto, ministro Alexandre de Moraes.<\/p>\n<p>Em voto que foi seguido por todos os demais ministros do Supremo, Moraes afirmou que o acordo \u201cassegura, de um lado, que os requerimentos dirigidos ao INSS sejam apreciados em prazos razo\u00e1veis e uniformes; e, de outra parte, intenta a extin\u00e7\u00e3o das m\u00faltiplas demandas judiciais referentes ao mesmo objeto\u201d.<\/p>\n<p>Pelo acordo, que vale por dois anos, foi estabelecido tamb\u00e9m prazo m\u00e1ximo de 45 dias para a realiza\u00e7\u00e3o de per\u00edcia m\u00e9dica e de avalia\u00e7\u00e3o social no caso dos benef\u00edcios que exijam os procedimentos (tal prazo sobe para 90 dias em locais de dif\u00edcil provimento).<\/p>\n<p>Se houver descumprimento de qualquer dos prazos previstos no acordo, uma Central Unificada de Cumprimento Emergencial de Prazos, formada por membros de INSS, Minist\u00e9rio P\u00fablico Federal (MPF) e Defensoria P\u00fablica da Uni\u00e3o (DPU), entre outros \u00f3rg\u00e3os, deve dar uma solu\u00e7\u00e3o para o requerimento do benef\u00edcio em no m\u00e1ximo dez dias.<\/p>\n<p>Os termos do acordo foram alcan\u00e7ados no ano passado numa negocia\u00e7\u00e3o envolvendo o Minist\u00e9rio P\u00fablico Federal (MPF), a Advocacia-Geral da Uni\u00e3o (AGU) e o pr\u00f3prio INSS. A iniciativa partiu da Procuradoria-Geral da Rep\u00fablica (PGR), que prop\u00f4s a concilia\u00e7\u00e3o em um recurso que tramitava no Supremo, sob a relatoria de Moraes.<\/p>\n<p>Nesse processo, procuradores de Santa Catarina pediam que a Justi\u00e7a estabelecesse prazo m\u00e1ximo para realiza\u00e7\u00e3o de per\u00edcia m\u00e9dica pelo INSS, no caso dos aux\u00edlios e benef\u00edcios que dependem do procedimento. Com o acordo, a a\u00e7\u00e3o acabou extinta. Como havia repercuss\u00e3o geral reconhecida pelo Supremo, o mesmo deve ocorrer com os demais processos que tramitam pelo pa\u00eds sobre o assunto.<\/p>\n<p>Confira abaixo os prazos para o INSS concluir a an\u00e1lise da concess\u00e3o de aux\u00edlios e benef\u00edcios:<\/p>\n<p>&#8211; Benef\u00edcio assistencial \u00e0 pessoa com defici\u00eancia \u2013 90 dias<\/p>\n<p>&#8211; Benef\u00edcio assistencial ao idoso &#8211; 90 dias<\/p>\n<p>&#8211; Aposentadorias, salvo por invalidez &#8211; 90 dias<\/p>\n<p>&#8211; Aposentadoria por invalidez comum e acident\u00e1ria (aposentadoria por incapacidade permanente) &#8211; 45 dias<\/p>\n<p>&#8211; Sal\u00e1rio maternidade &#8211; 30 dias<\/p>\n<p>&#8211; Pens\u00e3o por morte &#8211; 60 dias<\/p>\n<p>&#8211; Aux\u00edlio reclus\u00e3o &#8211; 60 dias<\/p>\n<p>&#8211; Aux\u00edlio doen\u00e7a comum e por acidente do trabalho (aux\u00edlio tempor\u00e1rio por incapacidade) &#8211; 45 dias<\/p>\n<p>&#8211; Aux\u00edlio acidente 60 dias<\/p>\n<p>Fonte: Ag\u00eancia Brasil<\/p>\n","protected":false},"excerpt":{"rendered":"<p>An\u00e1lise de pedidos ter\u00e1 que ser feita em prazos de 30 a 90 dias O Supremo Tribunal Federal (STF) homologou, por unanimidade, um acordo que&#8230;<\/p>\n","protected":false},"author":1182,"featured_media":20357,"comment_status":"closed","ping_status":"closed","sticky":false,"template":"","format":"standard","meta":{"footnotes":""},"categories":[6],"tags":[1086,854,1325,1454,61,1839,852,1322],"class_list":["post-33743","post","type-post","status-publish","format-standard","has-post-thumbnail","hentry","category-noticias","tag-acordo","tag-analise","tag-aposentadoria","tag-beneficios","tag-brasil","tag-inss","tag-prazo","tag-supremo"],"_links":{"self":[{"href":"https:\/\/www.sincomam.org.br\/index.php\/wp-json\/wp\/v2\/posts\/33743","targetHints":{"allow":["GET"]}}],"collection":[{"href":"https:\/\/www.sincomam.org.br\/index.php\/wp-json\/wp\/v2\/posts"}],"about":[{"href":"https:\/\/www.sincomam.org.br\/index.php\/wp-json\/wp\/v2\/types\/post"}],"author":[{"embeddable":true,"href":"https:\/\/www.sincomam.org.br\/index.php\/wp-json\/wp\/v2\/users\/1182"}],"replies":[{"embeddable":true,"href":"https:\/\/www.sincomam.org.br\/index.php\/wp-json\/wp\/v2\/comments?post=33743"}],"version-history":[{"count":1,"href":"https:\/\/www.sincomam.org.br\/index.php\/wp-json\/wp\/v2\/posts\/33743\/revisions"}],"predecessor-version":[{"id":33744,"href":"https:\/\/www.sincomam.org.br\/index.php\/wp-json\/wp\/v2\/posts\/33743\/revisions\/33744"}],"wp:featuredmedia":[{"embeddable":true,"href":"https:\/\/www.sincomam.org.br\/index.php\/wp-json\/wp\/v2\/media\/20357"}],"wp:attachment":[{"href":"https:\/\/www.sincomam.org.br\/index.php\/wp-json\/wp\/v2\/media?parent=33743"}],"wp:term":[{"taxonomy":"category","embeddable":true,"href":"https:\/\/www.sincomam.org.br\/index.php\/wp-json\/wp\/v2\/categories?post=33743"},{"taxonomy":"post_tag","embeddable":true,"href":"https:\/\/www.sincomam.org.br\/index.php\/wp-json\/wp\/v2\/tags?post=33743"}],"curies":[{"name":"wp","href":"https:\/\/api.w.org\/{rel}","templated":true}]}}