{"id":33740,"date":"2021-02-05T10:37:45","date_gmt":"2021-02-05T13:37:45","guid":{"rendered":"http:\/\/www.sincomam.org.br\/?p=33740"},"modified":"2021-02-05T10:37:45","modified_gmt":"2021-02-05T13:37:45","slug":"pis-pasep-2020-2021-pagamento-do-abono-salarial-e-antecipado-para-fevereiro","status":"publish","type":"post","link":"https:\/\/www.sincomam.org.br\/index.php\/pis-pasep-2020-2021-pagamento-do-abono-salarial-e-antecipado-para-fevereiro\/","title":{"rendered":"PIS-Pasep 2020-2021: pagamento do abono salarial \u00e9 antecipado para fevereiro"},"content":{"rendered":"<p><strong><em>Quem nasceu nos meses de mar\u00e7o a junho ou tem n\u00famero final de inscri\u00e7\u00e3o entre 6 e 9 receber\u00e1 o benef\u00edcio no dia 11 de fevereiro<\/em><\/strong><\/p>\n<p>O calend\u00e1rio de pagamentos restantes do abono salarial PIS-Pasep 2020-2021 ser\u00e1 antecipado para fevereiro, de acordo com nova resolu\u00e7\u00e3o publicada nesta sexta-feira (5) no Di\u00e1rio Oficial da Uni\u00e3o.<\/p>\n<p>Quem nasceu nos meses de mar\u00e7o a junho ou tem n\u00famero final de inscri\u00e7\u00e3o entre 6 e 9 receber\u00e1 o benef\u00edcio no dia 11 de fevereiro. Pelo calend\u00e1rio anterior, os nascidos em maio e junho e com n\u00famero final de inscri\u00e7\u00e3o 8 e 9 receberiam apenas em 17 de mar\u00e7o.<\/p>\n<p>Para os trabalhadores que n\u00e3o s\u00e3o correntistas da Caixa, o dinheiro \u00e9 depositado em poupan\u00e7a social digital, que pode ser movimentada pelo aplicativo Caixa Tem.<\/p>\n<p>De acordo com a nova resolu\u00e7\u00e3o do Conselho Deliberativo do Fundo de Amparo ao Trabalhador (Codefat), os trabalhadores que forem correntistas da Caixa, receber\u00e3o o cr\u00e9dito do PIS em conta a partir de 9 de fevereiro. No caso do Pasep, os servidores que forem correntistas do Banco do Brasil receber\u00e3o o dep\u00f3sito em conta tamb\u00e9m a partir de 9 de fevereiro.<\/p>\n<p>Como informou o Blog do Valdo Cruz, o governo decidiu antecipar os pagamentos do abono salarial diante do aumento no n\u00famero de casos de Covid-19 neste in\u00edcio de ano.<\/p>\n<p>O PIS \u00e9 destinado aos trabalhadores do setor privado e \u00e9 pago na Caixa Econ\u00f4mica Federal. J\u00e1 o Pasep \u00e9 pago para servidores p\u00fablicos por meio do Banco do Brasil. O calend\u00e1rio de recebimento leva em considera\u00e7\u00e3o o m\u00eas de nascimento, para trabalhadores da iniciativa privada, e o n\u00famero final da inscri\u00e7\u00e3o, para servidores p\u00fablicos.<\/p>\n<p>Os recursos ficar\u00e3o \u00e0 disposi\u00e7\u00e3o dos trabalhadores at\u00e9 30 de junho de 2021, prazo final para o recebimento. A Caixa prev\u00ea disponibilizar cerca de R$ 15,8 bilh\u00f5es para mais de 20,5 milh\u00f5es de benefici\u00e1rios do PIS at\u00e9 o final do calend\u00e1rio do exerc\u00edcio 2020\/2021.<\/p>\n<p><strong>Qual o valor e quem tem direito?<\/strong><\/p>\n<p>Com o aumento do sal\u00e1rio m\u00ednimo em janeiro, o valor do abono salarial varia de R$ 92 a R$ 1.100, de acordo com a quantidade de meses trabalhados durante o ano-base 2019. S\u00f3 receber\u00e1 o valor total quem trabalhou os 12 meses de 2019.<\/p>\n<p>Tem direito ao abono salarial quem recebeu, em m\u00e9dia, at\u00e9 dois sal\u00e1rios m\u00ednimos mensais com carteira assinada e exerceu atividade remunerada durante, pelo menos, 30 dias em 2019. \u00c9 preciso ainda estar inscrito no PIS\/Pasep h\u00e1 pelo menos cinco anos e ter os dados atualizados pelo empregador na Rela\u00e7\u00e3o Anual de Informa\u00e7\u00f5es Sociais (Rais).<\/p>\n<p><strong>Para saber se tem direito e como sacar<\/strong><\/p>\n<p>Para sacar o abono do PIS, o trabalhador que possuir Cart\u00e3o do Cidad\u00e3o e senha cadastrada pode se dirigir aos terminais de autoatendimento da Caixa ou a uma casa lot\u00e9rica. Se n\u00e3o tiver o Cart\u00e3o do Cidad\u00e3o, pode receber o valor em qualquer ag\u00eancia da Caixa, mediante apresenta\u00e7\u00e3o de documento de identifica\u00e7\u00e3o.<\/p>\n<p>Informa\u00e7\u00f5es sobre o PIS tamb\u00e9m podem ser obtidas pelo telefone 0800-726-02-07 da Caixa. O trabalhador pode fazer uma consulta ainda no site www.caixa.gov.br\/PIS, em Consultar Pagamento. Para isso, \u00e9 preciso ter o n\u00famero do NIS (PIS\/Pasep) em m\u00e3os.<\/p>\n<p>Fonte: G1<\/p>\n","protected":false},"excerpt":{"rendered":"<p>Quem nasceu nos meses de mar\u00e7o a junho ou tem n\u00famero final de inscri\u00e7\u00e3o entre 6 e 9 receber\u00e1 o benef\u00edcio no dia 11 de&#8230;<\/p>\n","protected":false},"author":1182,"featured_media":31111,"comment_status":"closed","ping_status":"closed","sticky":false,"template":"","format":"standard","meta":{"footnotes":""},"categories":[6],"tags":[3030,697,390,3303,696],"class_list":["post-33740","post","type-post","status-publish","format-standard","has-post-thumbnail","hentry","category-noticias","tag-13o-salario","tag-abono","tag-caixa","tag-pis-pasep","tag-saque"],"_links":{"self":[{"href":"https:\/\/www.sincomam.org.br\/index.php\/wp-json\/wp\/v2\/posts\/33740","targetHints":{"allow":["GET"]}}],"collection":[{"href":"https:\/\/www.sincomam.org.br\/index.php\/wp-json\/wp\/v2\/posts"}],"about":[{"href":"https:\/\/www.sincomam.org.br\/index.php\/wp-json\/wp\/v2\/types\/post"}],"author":[{"embeddable":true,"href":"https:\/\/www.sincomam.org.br\/index.php\/wp-json\/wp\/v2\/users\/1182"}],"replies":[{"embeddable":true,"href":"https:\/\/www.sincomam.org.br\/index.php\/wp-json\/wp\/v2\/comments?post=33740"}],"version-history":[{"count":1,"href":"https:\/\/www.sincomam.org.br\/index.php\/wp-json\/wp\/v2\/posts\/33740\/revisions"}],"predecessor-version":[{"id":33741,"href":"https:\/\/www.sincomam.org.br\/index.php\/wp-json\/wp\/v2\/posts\/33740\/revisions\/33741"}],"wp:featuredmedia":[{"embeddable":true,"href":"https:\/\/www.sincomam.org.br\/index.php\/wp-json\/wp\/v2\/media\/31111"}],"wp:attachment":[{"href":"https:\/\/www.sincomam.org.br\/index.php\/wp-json\/wp\/v2\/media?parent=33740"}],"wp:term":[{"taxonomy":"category","embeddable":true,"href":"https:\/\/www.sincomam.org.br\/index.php\/wp-json\/wp\/v2\/categories?post=33740"},{"taxonomy":"post_tag","embeddable":true,"href":"https:\/\/www.sincomam.org.br\/index.php\/wp-json\/wp\/v2\/tags?post=33740"}],"curies":[{"name":"wp","href":"https:\/\/api.w.org\/{rel}","templated":true}]}}