{"id":33731,"date":"2021-02-05T09:46:13","date_gmt":"2021-02-05T12:46:13","guid":{"rendered":"http:\/\/www.sincomam.org.br\/?p=33731"},"modified":"2021-02-05T09:46:13","modified_gmt":"2021-02-05T12:46:13","slug":"portos-do-parana-abre-consulta-para-novos-leiloes-2","status":"publish","type":"post","link":"https:\/\/www.sincomam.org.br\/index.php\/portos-do-parana-abre-consulta-para-novos-leiloes-2\/","title":{"rendered":"Portos do Paran\u00e1 abre consulta para novos leil\u00f5es"},"content":{"rendered":"<p><strong><em>Disputas devem acontecer no primeiro semestre de 2021, com investimentos totais de R$ 367,64 milh\u00f5es<\/em><\/strong><\/p>\n<p>A empresa p\u00fablica Portos do Paran\u00e1 informou que est\u00e1 aberta a consulta para os leil\u00f5es de arrendamento das \u00e1reas PAR32 e PAR50, no Porto de Paranagu\u00e1. Os certames devem acontecer no primeiro semestre de 2021, com investimentos totais de R$ 367.648.000,00.<\/p>\n<p>A consulta teve in\u00edcio na \u00faltima quarta-feira (30\/1) e foi encerrada no dia 29 de janeiro de 2021. \u00a0Os leil\u00f5es ser\u00e3o realizados pela autoridade portu\u00e1ria paranaense e os procedimentos pr\u00e9vios s\u00e3o realizados com apoio da Ag\u00eancia Nacional de Transportes Aquavi\u00e1rios (Antaq) e da Empresa de Planejamento e Log\u00edstica (EPL), vinculada ao Minist\u00e9rio da Infraestrutura.<\/p>\n<p><strong>\u00c1reas<\/strong><\/p>\n<p>A PAR32 \u00e9 uma \u00e1rea de aproximadamente 6.6 mil metros quadrados, destinada a movimenta\u00e7\u00e3o de carga geral, em especial a\u00e7\u00facar ensacado. O espa\u00e7o j\u00e1 conta com estrutura, no ber\u00e7o de atraca\u00e7\u00e3o 205. O prazo de arrendamento \u00e9 de 10 anos, prorrog\u00e1veis a crit\u00e9rio do poder concedente.<\/p>\n<p>J\u00e1 a PAR50 \u00e9 para opera\u00e7\u00e3o de gran\u00e9is l\u00edquidos, com \u00e1rea total de 85.392 metros quadrados, junto ao p\u00eder de inflam\u00e1veis. O arrendamento prev\u00ea instala\u00e7\u00f5es de armazenagem de uso misto, com 18 tanques verticais j\u00e1 instalados e capacidade total de aproximadamente 70.181 m3, al\u00e9m de sistemas de tubula\u00e7\u00f5es, bombeamento, \u00e1reas administrativas e de utilidades. O prazo de arrendamento \u00e9 de 25 anos, tamb\u00e9m poss\u00edvel de prorroga\u00e7\u00e3o.<\/p>\n<p>Foto: Jos\u00e9 Fernando Ogura\/ANPr<\/p>\n","protected":false},"excerpt":{"rendered":"<p>Disputas devem acontecer no primeiro semestre de 2021, com investimentos totais de R$ 367,64 milh\u00f5es A empresa p\u00fablica Portos do Paran\u00e1 informou que est\u00e1 aberta&#8230;<\/p>\n","protected":false},"author":1182,"featured_media":33732,"comment_status":"closed","ping_status":"closed","sticky":false,"template":"","format":"standard","meta":{"footnotes":""},"categories":[6],"tags":[4328,3085,931,107,55,109,187,69],"class_list":["post-33731","post","type-post","status-publish","format-standard","has-post-thumbnail","hentry","category-noticias","tag-certame","tag-consulta","tag-disputa","tag-empresa","tag-leilao","tag-parana","tag-paranagua","tag-portos"],"_links":{"self":[{"href":"https:\/\/www.sincomam.org.br\/index.php\/wp-json\/wp\/v2\/posts\/33731","targetHints":{"allow":["GET"]}}],"collection":[{"href":"https:\/\/www.sincomam.org.br\/index.php\/wp-json\/wp\/v2\/posts"}],"about":[{"href":"https:\/\/www.sincomam.org.br\/index.php\/wp-json\/wp\/v2\/types\/post"}],"author":[{"embeddable":true,"href":"https:\/\/www.sincomam.org.br\/index.php\/wp-json\/wp\/v2\/users\/1182"}],"replies":[{"embeddable":true,"href":"https:\/\/www.sincomam.org.br\/index.php\/wp-json\/wp\/v2\/comments?post=33731"}],"version-history":[{"count":1,"href":"https:\/\/www.sincomam.org.br\/index.php\/wp-json\/wp\/v2\/posts\/33731\/revisions"}],"predecessor-version":[{"id":33733,"href":"https:\/\/www.sincomam.org.br\/index.php\/wp-json\/wp\/v2\/posts\/33731\/revisions\/33733"}],"wp:featuredmedia":[{"embeddable":true,"href":"https:\/\/www.sincomam.org.br\/index.php\/wp-json\/wp\/v2\/media\/33732"}],"wp:attachment":[{"href":"https:\/\/www.sincomam.org.br\/index.php\/wp-json\/wp\/v2\/media?parent=33731"}],"wp:term":[{"taxonomy":"category","embeddable":true,"href":"https:\/\/www.sincomam.org.br\/index.php\/wp-json\/wp\/v2\/categories?post=33731"},{"taxonomy":"post_tag","embeddable":true,"href":"https:\/\/www.sincomam.org.br\/index.php\/wp-json\/wp\/v2\/tags?post=33731"}],"curies":[{"name":"wp","href":"https:\/\/api.w.org\/{rel}","templated":true}]}}