{"id":33699,"date":"2021-02-04T09:58:33","date_gmt":"2021-02-04T12:58:33","guid":{"rendered":"http:\/\/www.sincomam.org.br\/?p=33699"},"modified":"2021-02-04T10:59:17","modified_gmt":"2021-02-04T13:59:17","slug":"equinor-e-porto-do-acu-assinam-acordo-para-avaliar-desenvolvimento-de-usina-solar","status":"publish","type":"post","link":"https:\/\/www.sincomam.org.br\/index.php\/equinor-e-porto-do-acu-assinam-acordo-para-avaliar-desenvolvimento-de-usina-solar\/","title":{"rendered":"Equinor e Porto do A\u00e7u assinam acordo para avaliar desenvolvimento de usina solar"},"content":{"rendered":"<p><strong><em>Operadora do porto n\u00e3o informou a capacidade prevista para o projeto solar e nem valores estimados de investimentos<\/em><\/strong><\/p>\n<p>O Porto do A\u00e7u, do grupo Prumo, chegou a acordo preliminar com a petroleira Equinor visando poss\u00edveis investimentos em energia solar em suas instala\u00e7\u00f5es, no Estado do Rio de Janeiro.<\/p>\n<p>Um memorando de entendimento assinado entre a Porto do A\u00e7u Opera\u00e7\u00f5es e a empresa de \u00f3leo e g\u00e1s norueguesa prev\u00ea a avalia\u00e7\u00e3o em conjunto sobre o desenvolvimento de uma planta solar na retro\u00e1rea do porto nos pr\u00f3ximos 12 meses.<\/p>\n<p>A empresa respons\u00e1vel por A\u00e7u \u00e9 uma das subsidi\u00e1rias da Prumo, controlada pela norte-americana EIG Global Energy Partners e pelo grupo de investimentos <em>Mubadala Investment Company,<\/em> dos Emirados \u00c1rabes Unidos.<\/p>\n<p><em>\u201cEstamos otimistas com a possibilidade de implanta\u00e7\u00e3o de um projeto de energia renov\u00e1vel no A\u00e7u, iniciativa que est\u00e1 em linha com a nossa estrat\u00e9gia de sustentabilidade, que inclui desenvolver parcerias e novos neg\u00f3cios a partir da transi\u00e7\u00e3o para uma economia de baixo carbono\u201d, disse em nota o CEO da Porto do A\u00e7u, Jos\u00e9 Firmo.<\/em><\/p>\n<p>A operadora do porto n\u00e3o informou a capacidade prevista para o projeto solar e nem valores estimados de investimentos.<\/p>\n<p>A parceria com a Equinor vem em momento em que a petroleira e outros grupos de \u00f3leo e g\u00e1s buscam oportunidades em renov\u00e1veis pelo mundo e no Brasil, de olho na esperada transi\u00e7\u00e3o global para uma economia de baixo carbono.<\/p>\n<p>A Equinor j\u00e1 possui um parque solar no Brasil, a usina de Apodi, que est\u00e1 em opera\u00e7\u00e3o desde 2018 e foi o primeiro ativo solar do portf\u00f3lio global da companhia.<\/p>\n<p>Fonte: Money Times<\/p>\n","protected":false},"excerpt":{"rendered":"<p>Operadora do porto n\u00e3o informou a capacidade prevista para o projeto solar e nem valores estimados de investimentos O Porto do A\u00e7u, do grupo Prumo,&#8230;<\/p>\n","protected":false},"author":1182,"featured_media":28550,"comment_status":"closed","ping_status":"closed","sticky":false,"template":"","format":"standard","meta":{"footnotes":""},"categories":[6],"tags":[1086,1315,2814,501,367,4319,486],"class_list":["post-33699","post","type-post","status-publish","format-standard","has-post-thumbnail","hentry","category-noticias","tag-acordo","tag-desenvolvimento","tag-equinor","tag-porto-do-acu","tag-projeto","tag-solar","tag-usina"],"_links":{"self":[{"href":"https:\/\/www.sincomam.org.br\/index.php\/wp-json\/wp\/v2\/posts\/33699","targetHints":{"allow":["GET"]}}],"collection":[{"href":"https:\/\/www.sincomam.org.br\/index.php\/wp-json\/wp\/v2\/posts"}],"about":[{"href":"https:\/\/www.sincomam.org.br\/index.php\/wp-json\/wp\/v2\/types\/post"}],"author":[{"embeddable":true,"href":"https:\/\/www.sincomam.org.br\/index.php\/wp-json\/wp\/v2\/users\/1182"}],"replies":[{"embeddable":true,"href":"https:\/\/www.sincomam.org.br\/index.php\/wp-json\/wp\/v2\/comments?post=33699"}],"version-history":[{"count":1,"href":"https:\/\/www.sincomam.org.br\/index.php\/wp-json\/wp\/v2\/posts\/33699\/revisions"}],"predecessor-version":[{"id":33700,"href":"https:\/\/www.sincomam.org.br\/index.php\/wp-json\/wp\/v2\/posts\/33699\/revisions\/33700"}],"wp:featuredmedia":[{"embeddable":true,"href":"https:\/\/www.sincomam.org.br\/index.php\/wp-json\/wp\/v2\/media\/28550"}],"wp:attachment":[{"href":"https:\/\/www.sincomam.org.br\/index.php\/wp-json\/wp\/v2\/media?parent=33699"}],"wp:term":[{"taxonomy":"category","embeddable":true,"href":"https:\/\/www.sincomam.org.br\/index.php\/wp-json\/wp\/v2\/categories?post=33699"},{"taxonomy":"post_tag","embeddable":true,"href":"https:\/\/www.sincomam.org.br\/index.php\/wp-json\/wp\/v2\/tags?post=33699"}],"curies":[{"name":"wp","href":"https:\/\/api.w.org\/{rel}","templated":true}]}}