{"id":33695,"date":"2021-02-04T09:39:28","date_gmt":"2021-02-04T12:39:28","guid":{"rendered":"http:\/\/www.sincomam.org.br\/?p=33695"},"modified":"2021-02-04T09:39:28","modified_gmt":"2021-02-04T12:39:28","slug":"marinha-anuncia-novo-chefe-do-estado-maior-da-armada","status":"publish","type":"post","link":"https:\/\/www.sincomam.org.br\/index.php\/marinha-anuncia-novo-chefe-do-estado-maior-da-armada\/","title":{"rendered":"Marinha anuncia novo Chefe do Estado-Maior da Armada"},"content":{"rendered":"<div align=\"justify\">\n<p><strong><em>O\u00a0Almirante de Esquadra\u00a0Viveiros\u00a0transmitiu a Chefia do Estado-Maior da Armada ao Almirante de Esquadra\u00a0Silva Rodrigues<\/em><\/strong><\/p>\n<p>Em cerim\u00f4nia presidida pelo Comandante da Marinha, Almirante de Esquadra Ilques Barbosa Junior, no dia 29 de janeiro, o Almirante de Esquadra Marcos Silva Rodrigues assumiu a Chefia do Estado-Maior da Armada (CEMA). A solenidade, que seguiu as orienta\u00e7\u00f5es de preven\u00e7\u00e3o \u00e0 Covid-19, ocorreu no Clube Naval de Bras\u00edlia.<\/p>\n<p>Na Ordem do Dia, o Almirante Silva Rodrigues exaltou as conquistas de seu antecessor, Almirante de Esquadra Cl\u00e1udio Portugal de Viveiros e ressaltou os desafios que se aproximam, destacando \u201cque todos os esfor\u00e7os ser\u00e3o realizados para o cumprimento da miss\u00e3o do Estado-Maior da Armada, honrando, assim, o legado de meus antecessores\u201d.<\/p>\n<p>Estiveram\u00a0tamb\u00e9m\u00a0presentes ao evento Ministros de Estado, Parlamentares\u00a0e\u00a0representantes do Executivo, Legislativo e Judici\u00e1rio.<\/p>\n<p>*Com informa\u00e7\u00f5es da Marinha do Brasil \/ Foto: divulga\u00e7\u00e3o MB<\/p>\n<\/div>\n<div align=\"justify\"><\/div>\n<div align=\"justify\"><\/div>\n","protected":false},"excerpt":{"rendered":"<p>O\u00a0Almirante de Esquadra\u00a0Viveiros\u00a0transmitiu a Chefia do Estado-Maior da Armada ao Almirante de Esquadra\u00a0Silva Rodrigues Em cerim\u00f4nia presidida pelo Comandante da Marinha, Almirante de Esquadra Ilques&#8230;<\/p>\n","protected":false},"author":1182,"featured_media":33697,"comment_status":"closed","ping_status":"closed","sticky":false,"template":"","format":"standard","meta":{"footnotes":""},"categories":[6],"tags":[1499,3335,4318,1013],"class_list":["post-33695","post","type-post","status-publish","format-standard","has-post-thumbnail","hentry","category-noticias","tag-armada","tag-chefe","tag-estado-maior","tag-marinha-do-brasil"],"_links":{"self":[{"href":"https:\/\/www.sincomam.org.br\/index.php\/wp-json\/wp\/v2\/posts\/33695","targetHints":{"allow":["GET"]}}],"collection":[{"href":"https:\/\/www.sincomam.org.br\/index.php\/wp-json\/wp\/v2\/posts"}],"about":[{"href":"https:\/\/www.sincomam.org.br\/index.php\/wp-json\/wp\/v2\/types\/post"}],"author":[{"embeddable":true,"href":"https:\/\/www.sincomam.org.br\/index.php\/wp-json\/wp\/v2\/users\/1182"}],"replies":[{"embeddable":true,"href":"https:\/\/www.sincomam.org.br\/index.php\/wp-json\/wp\/v2\/comments?post=33695"}],"version-history":[{"count":1,"href":"https:\/\/www.sincomam.org.br\/index.php\/wp-json\/wp\/v2\/posts\/33695\/revisions"}],"predecessor-version":[{"id":33698,"href":"https:\/\/www.sincomam.org.br\/index.php\/wp-json\/wp\/v2\/posts\/33695\/revisions\/33698"}],"wp:featuredmedia":[{"embeddable":true,"href":"https:\/\/www.sincomam.org.br\/index.php\/wp-json\/wp\/v2\/media\/33697"}],"wp:attachment":[{"href":"https:\/\/www.sincomam.org.br\/index.php\/wp-json\/wp\/v2\/media?parent=33695"}],"wp:term":[{"taxonomy":"category","embeddable":true,"href":"https:\/\/www.sincomam.org.br\/index.php\/wp-json\/wp\/v2\/categories?post=33695"},{"taxonomy":"post_tag","embeddable":true,"href":"https:\/\/www.sincomam.org.br\/index.php\/wp-json\/wp\/v2\/tags?post=33695"}],"curies":[{"name":"wp","href":"https:\/\/api.w.org\/{rel}","templated":true}]}}