{"id":33671,"date":"2021-02-03T10:17:23","date_gmt":"2021-02-03T13:17:23","guid":{"rendered":"http:\/\/www.sincomam.org.br\/?p=33671"},"modified":"2021-02-03T10:17:23","modified_gmt":"2021-02-03T13:17:23","slug":"chuvas-provocam-paralisacao-das-operacoes-no-porto-de-paranagua","status":"publish","type":"post","link":"https:\/\/www.sincomam.org.br\/index.php\/chuvas-provocam-paralisacao-das-operacoes-no-porto-de-paranagua\/","title":{"rendered":"Chuvas provocam paralisa\u00e7\u00e3o das opera\u00e7\u00f5es no Porto de Paranagu\u00e1"},"content":{"rendered":"<p><strong><em>Volume de chuva registrado em janeiro deste ano, em Paranagu\u00e1, foi 356,4% maior que no mesmo m\u00eas de 2020<\/em><\/strong><\/p>\n<p>Segundo o levantamento da empresa p\u00fablica Portos do Paran\u00e1, as chuvas paralisaram em parte as opera\u00e7\u00f5es portu\u00e1rias, que somaram 12,6 dias (mais de 302 horas) no m\u00eas. O tempo \u00e9 cerca de 82% maior que os 6,9 dias (pouco mais de 165 horas) registrados em janeiro do ano passado. Os n\u00fameros consideram o embarque de graneis como soja, milho e farelo.<\/p>\n<p><em>\u201cEm portos do mundo todo, n\u00e3o \u00e9 poss\u00edvel operar gr\u00e3os com tempo \u00famido. A natureza da carga n\u00e3o permite e a qualquer sinal de chuva, os navios atracados paralisam as opera\u00e7\u00f5es. Os por\u00f5es s\u00f3 voltam a abrir quando o comandante do navio tem seguran\u00e7a de que a carga n\u00e3o ser\u00e1 molhada e n\u00e3o corre o risco de estragar\u201d, explicou o diretor de Opera\u00e7\u00f5es da empresa p\u00fablica, Luiz Teixeira da Silva Junior, em nota.<\/em><\/p>\n<p>As opera\u00e7\u00f5es que seguem mesmo debaixo de chuva s\u00e3o as dos cont\u00eaineres, de ve\u00edculos, de carga geral (com exce\u00e7\u00e3o de pap\u00e9is e sacaria), sal e dos graneis l\u00edquidos (feita em tubula\u00e7\u00f5es e tanques fechados).<\/p>\n<p>Os usu\u00e1rios dos portos do Paran\u00e1 n\u00e3o pagam pelo per\u00edodo que o navio fica atracado no cais, paralisado pela chuva. \u201cNos boletins di\u00e1rios dos navios, s\u00e3o anotados o tempo que a embarca\u00e7\u00e3o permaneceu parada devido ao mau tempo. No fechamento, s\u00e3o descontados esses per\u00edodos. O usu\u00e1rio n\u00e3o paga, apesar do atraso nas opera\u00e7\u00f5es e na produtividade\u201d, disse Teixeira.<\/p>\n<p><strong>Volume<\/strong><\/p>\n<p>Segundo o Sistema de Tecnologia e Monitoramento Ambiental do Paran\u00e1 (Simepar), este ano, em janeiro, foram 563,2 mil\u00edmetros de chuva registrada em Paranagu\u00e1. Nos 31 dias de janeiro, em 2020, foram 123 mil\u00edmetros.<\/p>\n","protected":false},"excerpt":{"rendered":"<p>Volume de chuva registrado em janeiro deste ano, em Paranagu\u00e1, foi 356,4% maior que no mesmo m\u00eas de 2020 Segundo o levantamento da empresa p\u00fablica&#8230;<\/p>\n","protected":false},"author":1182,"featured_media":33673,"comment_status":"closed","ping_status":"closed","sticky":false,"template":"","format":"standard","meta":{"footnotes":""},"categories":[6],"tags":[2484,377,1239,148,1206],"class_list":["post-33671","post","type-post","status-publish","format-standard","has-post-thumbnail","hentry","category-noticias","tag-chuvas","tag-operacao","tag-paralisacao","tag-porto-de-paranagua","tag-volume"],"_links":{"self":[{"href":"https:\/\/www.sincomam.org.br\/index.php\/wp-json\/wp\/v2\/posts\/33671","targetHints":{"allow":["GET"]}}],"collection":[{"href":"https:\/\/www.sincomam.org.br\/index.php\/wp-json\/wp\/v2\/posts"}],"about":[{"href":"https:\/\/www.sincomam.org.br\/index.php\/wp-json\/wp\/v2\/types\/post"}],"author":[{"embeddable":true,"href":"https:\/\/www.sincomam.org.br\/index.php\/wp-json\/wp\/v2\/users\/1182"}],"replies":[{"embeddable":true,"href":"https:\/\/www.sincomam.org.br\/index.php\/wp-json\/wp\/v2\/comments?post=33671"}],"version-history":[{"count":1,"href":"https:\/\/www.sincomam.org.br\/index.php\/wp-json\/wp\/v2\/posts\/33671\/revisions"}],"predecessor-version":[{"id":33674,"href":"https:\/\/www.sincomam.org.br\/index.php\/wp-json\/wp\/v2\/posts\/33671\/revisions\/33674"}],"wp:featuredmedia":[{"embeddable":true,"href":"https:\/\/www.sincomam.org.br\/index.php\/wp-json\/wp\/v2\/media\/33673"}],"wp:attachment":[{"href":"https:\/\/www.sincomam.org.br\/index.php\/wp-json\/wp\/v2\/media?parent=33671"}],"wp:term":[{"taxonomy":"category","embeddable":true,"href":"https:\/\/www.sincomam.org.br\/index.php\/wp-json\/wp\/v2\/categories?post=33671"},{"taxonomy":"post_tag","embeddable":true,"href":"https:\/\/www.sincomam.org.br\/index.php\/wp-json\/wp\/v2\/tags?post=33671"}],"curies":[{"name":"wp","href":"https:\/\/api.w.org\/{rel}","templated":true}]}}