{"id":33664,"date":"2021-02-02T10:41:17","date_gmt":"2021-02-02T13:41:17","guid":{"rendered":"http:\/\/www.sincomam.org.br\/?p=33664"},"modified":"2021-02-02T10:41:17","modified_gmt":"2021-02-02T13:41:17","slug":"antaq-realizara-consultas-publicas-sobre-dois-arrendamentos-no-porto-de-maceio","status":"publish","type":"post","link":"https:\/\/www.sincomam.org.br\/index.php\/antaq-realizara-consultas-publicas-sobre-dois-arrendamentos-no-porto-de-maceio\/","title":{"rendered":"ANTAQ realizar\u00e1 consultas p\u00fablicas sobre dois arrendamentos no Porto de Macei\u00f3"},"content":{"rendered":"<p>A Ag\u00eancia Nacional de Transportes Aquavi\u00e1rios (ANTAQ) realizar\u00e1, entre os dias 8 de fevereiro e 24 de mar\u00e7o, duas consultas p\u00fablicas para obter contribui\u00e7\u00f5es visando ao aprimoramento dos documentos t\u00e9cnicos e jur\u00eddicos voltados \u00e0 realiza\u00e7\u00e3o de licita\u00e7\u00e3o referente ao arrendamento de instala\u00e7\u00f5es portu\u00e1rias para movimenta\u00e7\u00e3o e armazenagem de gran\u00e9is l\u00edquidos, especialmente combust\u00edveis, localizadas no Porto de Macei\u00f3. Trata-se das \u00e1reas denominadas MAC 11 e MAC 12. As referidas consultas p\u00fablicas s\u00e3o as de N\u00ba 1\/2021 e de N\u00ba2\/2021.<\/p>\n<p>As contribui\u00e7\u00f5es poder\u00e3o ser dirigidas \u00e0 ANTAQ at\u00e9 \u00e0s 23h59 do dia 24 de mar\u00e7o de 2021, exclusivamente por meio e na forma do formul\u00e1rio eletr\u00f4nico dispon\u00edvel no site https:\/\/www.gov.br\/antaq\/pt-br, n\u00e3o sendo aceitas contribui\u00e7\u00f5es enviadas por meio diverso.<\/p>\n<p><strong>Audi\u00eancia Presencial<\/strong><\/p>\n<p>Com o objetivo de fomentar a discuss\u00e3o e esclarecer eventuais d\u00favidas sobre os documentos jur\u00eddicos e t\u00e9cnicos, ser\u00e1 realizada audi\u00eancia p\u00fablica presencial, na forma presencial ou telepresencial a depender das condi\u00e7\u00f5es de sa\u00fade p\u00fablica vigentes, em data, hor\u00e1rio e local a serem definidos e comunicados oportunamente.<\/p>\n<p>Fonte: Informativo dos Portos<\/p>\n","protected":false},"excerpt":{"rendered":"<p>A Ag\u00eancia Nacional de Transportes Aquavi\u00e1rios (ANTAQ) realizar\u00e1, entre os dias 8 de fevereiro e 24 de mar\u00e7o, duas consultas p\u00fablicas para obter contribui\u00e7\u00f5es visando&#8230;<\/p>\n","protected":false},"author":1182,"featured_media":30872,"comment_status":"closed","ping_status":"closed","sticky":false,"template":"","format":"standard","meta":{"footnotes":""},"categories":[6],"tags":[301,3587,3085,824],"class_list":["post-33664","post","type-post","status-publish","format-standard","has-post-thumbnail","hentry","category-noticias","tag-antaq","tag-arrendamentos","tag-consulta","tag-porto-de-maceio"],"_links":{"self":[{"href":"https:\/\/www.sincomam.org.br\/index.php\/wp-json\/wp\/v2\/posts\/33664","targetHints":{"allow":["GET"]}}],"collection":[{"href":"https:\/\/www.sincomam.org.br\/index.php\/wp-json\/wp\/v2\/posts"}],"about":[{"href":"https:\/\/www.sincomam.org.br\/index.php\/wp-json\/wp\/v2\/types\/post"}],"author":[{"embeddable":true,"href":"https:\/\/www.sincomam.org.br\/index.php\/wp-json\/wp\/v2\/users\/1182"}],"replies":[{"embeddable":true,"href":"https:\/\/www.sincomam.org.br\/index.php\/wp-json\/wp\/v2\/comments?post=33664"}],"version-history":[{"count":1,"href":"https:\/\/www.sincomam.org.br\/index.php\/wp-json\/wp\/v2\/posts\/33664\/revisions"}],"predecessor-version":[{"id":33665,"href":"https:\/\/www.sincomam.org.br\/index.php\/wp-json\/wp\/v2\/posts\/33664\/revisions\/33665"}],"wp:featuredmedia":[{"embeddable":true,"href":"https:\/\/www.sincomam.org.br\/index.php\/wp-json\/wp\/v2\/media\/30872"}],"wp:attachment":[{"href":"https:\/\/www.sincomam.org.br\/index.php\/wp-json\/wp\/v2\/media?parent=33664"}],"wp:term":[{"taxonomy":"category","embeddable":true,"href":"https:\/\/www.sincomam.org.br\/index.php\/wp-json\/wp\/v2\/categories?post=33664"},{"taxonomy":"post_tag","embeddable":true,"href":"https:\/\/www.sincomam.org.br\/index.php\/wp-json\/wp\/v2\/tags?post=33664"}],"curies":[{"name":"wp","href":"https:\/\/api.w.org\/{rel}","templated":true}]}}