{"id":3365,"date":"2014-02-11T08:10:55","date_gmt":"2014-02-11T10:10:55","guid":{"rendered":"http:\/\/www.sincomam.org.br\/?p=3365"},"modified":"2014-02-11T09:41:53","modified_gmt":"2014-02-11T11:41:53","slug":"mais-de-8-mil-funcionarios-do-polo-naval-de-rio-grande-entram-em-greve","status":"publish","type":"post","link":"https:\/\/www.sincomam.org.br\/index.php\/mais-de-8-mil-funcionarios-do-polo-naval-de-rio-grande-entram-em-greve\/","title":{"rendered":"Mais de 8 mil funcion\u00e1rios do Polo Naval de Rio Grande entram em greve"},"content":{"rendered":"<p><b><i>\u201cPor dia, cerca de quinze pessoas desmaiam devido ao calor\u201d, afirma o diretor do Sindicato dos Metal\u00fargicos, Gilberto Oliveira<\/i><\/b><b><i><\/i><\/b><\/p>\n<p>O Polo Naval, em Rio Grande, est\u00e1 praticamente vazio nesta segunda-feira. Mobilizados por meio do Sindicato dos Metal\u00fargicos, mais de 8 mil trabalhadores entraram em greve \u2014 e n\u00e3o h\u00e1 prazo para retomar os servi\u00e7os.<\/p>\n<p>A paralisa\u00e7\u00e3o foi deflagrada por um motivo principal: a falta de condi\u00e7\u00f5es para lidar com o calor. Segundo o diretor do sindicato, Gilberto de Oliveira, n\u00e3o h\u00e1 bebedouros suficientes nem ar refrigerado.<\/p>\n<p>\u2014 Se a maioria das pessoas sente a temperatura de 38\u00baC, l\u00e1 a gente trabalha sob calor de 50\u00baC, para mais \u2014 diz.<\/p>\n<p>Tem sido frequente tamb\u00e9m, de acordo com ele, as ocorr\u00eancias de desmaios durante o expediente. Com um dos trabalhadores, que n\u00e3o quis se identificar, aconteceu duas vezes no mesmo dia.<\/p>\n<p>\u2014 A ambul\u00e2ncia n\u00e3o para. Por dia, cerca de quinze pessoas desmaiam \u2014 relata.<\/p>\n<p>Os funcion\u00e1rios pedem a instala\u00e7\u00e3o de mais bebedouros, banheiros e ventiladores. Oliveira afirma que as reivindica\u00e7\u00f5es j\u00e1 haviam sido enviadas \u00e0s empresas do estaleiro no ano passado, mas n\u00e3o foram cumpridas. O sindicato tamb\u00e9m reclama de desvios de fun\u00e7\u00e3o no Polo Naval.<\/p>\n<p>\u2014 Tem gente produzindo como se estivesse em um cargo maior, mas sem nenhum tipo de aumento \u2014 afirma.<\/p>\n<p>Oliveira afirma que a greve s\u00f3 ir\u00e1 terminar quando as solicita\u00e7\u00f5es forem atendidas. A paralisa\u00e7\u00e3o dever\u00e1 atrasar a entrega do casco do navio da P66, prevista para o dia 28.<\/p>\n<p><b>Contraponto<\/b><\/p>\n<p>Diretor-geral do estaleiro, Heder Santos nega que haja desvio de fun\u00e7\u00e3o.<\/p>\n<p>\u2014 O colaborador \u00e9 treinado e, quando apto, \u00e9 enquadrado em uma fun\u00e7\u00e3o. Dentro dessa fun\u00e7\u00e3o, h\u00e1 possibilidade de evolu\u00e7\u00e3o por meritocracia. \u00c9 claro que nem todos t\u00eam m\u00e9rito \u2014 afirma.<\/p>\n<p>Sobre o calor, ele diz que j\u00e1 providenciou mais condicionadores de ar, exaustores, bebedouros, gelos e garrafas de isot\u00f4nico para amenizar os efeitos das altas temperaturas. Al\u00e9m disso, os funcion\u00e1rios t\u00eam uma hora por dia (meia hora de manh\u00e3 e meia hora da tarde) para descansar e repor as energias.<\/p>\n<p>Fonte: Zero Hora<\/p>\n","protected":false},"excerpt":{"rendered":"<p>\u201cPor dia, cerca de quinze pessoas desmaiam devido ao calor\u201d, afirma o diretor do Sindicato dos Metal\u00fargicos, Gilberto Oliveira O Polo Naval, em Rio Grande,&#8230;<\/p>\n","protected":false},"author":1182,"featured_media":0,"comment_status":"closed","ping_status":"closed","sticky":false,"template":"","format":"standard","meta":{"footnotes":""},"categories":[6],"tags":[244,67,397,398],"class_list":["post-3365","post","type-post","status-publish","format-standard","hentry","category-noticias","tag-greve","tag-naval","tag-polo","tag-rro-grande"],"_links":{"self":[{"href":"https:\/\/www.sincomam.org.br\/index.php\/wp-json\/wp\/v2\/posts\/3365","targetHints":{"allow":["GET"]}}],"collection":[{"href":"https:\/\/www.sincomam.org.br\/index.php\/wp-json\/wp\/v2\/posts"}],"about":[{"href":"https:\/\/www.sincomam.org.br\/index.php\/wp-json\/wp\/v2\/types\/post"}],"author":[{"embeddable":true,"href":"https:\/\/www.sincomam.org.br\/index.php\/wp-json\/wp\/v2\/users\/1182"}],"replies":[{"embeddable":true,"href":"https:\/\/www.sincomam.org.br\/index.php\/wp-json\/wp\/v2\/comments?post=3365"}],"version-history":[{"count":1,"href":"https:\/\/www.sincomam.org.br\/index.php\/wp-json\/wp\/v2\/posts\/3365\/revisions"}],"predecessor-version":[{"id":3366,"href":"https:\/\/www.sincomam.org.br\/index.php\/wp-json\/wp\/v2\/posts\/3365\/revisions\/3366"}],"wp:attachment":[{"href":"https:\/\/www.sincomam.org.br\/index.php\/wp-json\/wp\/v2\/media?parent=3365"}],"wp:term":[{"taxonomy":"category","embeddable":true,"href":"https:\/\/www.sincomam.org.br\/index.php\/wp-json\/wp\/v2\/categories?post=3365"},{"taxonomy":"post_tag","embeddable":true,"href":"https:\/\/www.sincomam.org.br\/index.php\/wp-json\/wp\/v2\/tags?post=3365"}],"curies":[{"name":"wp","href":"https:\/\/api.w.org\/{rel}","templated":true}]}}