{"id":33646,"date":"2021-02-02T09:11:06","date_gmt":"2021-02-02T12:11:06","guid":{"rendered":"http:\/\/www.sincomam.org.br\/?p=33646"},"modified":"2021-02-02T09:24:37","modified_gmt":"2021-02-02T12:24:37","slug":"arthur-lira-e-eleito-presidente-da-camara-em-1o-turno","status":"publish","type":"post","link":"https:\/\/www.sincomam.org.br\/index.php\/arthur-lira-e-eleito-presidente-da-camara-em-1o-turno\/","title":{"rendered":"Elei\u00e7\u00e3o da Mesa e abertura do ano legislativo marcam o m\u00eas de fevereiro"},"content":{"rendered":"<p><strong><em>Presidente da C\u00e2mara, Arthur Lira determinou que ocorra nova elei\u00e7\u00e3o para escolha da Mesa Diretora;\u00a0 <\/em><\/strong><strong><em>Pacheco, eleito Presidente do Senado, defende pautas diversas<\/em><\/strong><\/p>\n<p>O deputado Arthur Lira (PP-AL) \u00e9 o novo presidente da C\u00e2mara dos Deputados. O parlamentar foi eleito nesta segunda-feira (1\u00ba), em primeiro turno, com 302 votos e comandar\u00e1 a Casa no bi\u00eanio 2021-2022. Em segundo lugar ficou o deputado Baleia Rossi (MDB-SP), com 145 votos.<\/p>\n<p>Ao todo, 503 deputados votaram. Oito candidatos disputaram a elei\u00e7\u00e3o para o cargo de presidente da C\u00e2mara. Em seu primeiro ato como presidente, Arthur Lira anulou a vota\u00e7\u00e3o dos demais cargos da mesa diretora. O parlamentar determinou a realiza\u00e7\u00e3o de uma nova elei\u00e7\u00e3o para a escolha de seus integrantes nesta ter\u00e7a-feira (2), \u00e0s 16h.<\/p>\n<p>Pelo ato de Lira, a escolha dos candidatos terminar\u00e1 \u00e0s 11h desta ter\u00e7a e o registro das candidaturas vai at\u00e9 as 13h. A defini\u00e7\u00e3o dos nomes para os cargos segue o crit\u00e9rio de proporcionalidade, dessa forma considera o tamanho das bancadas. A mesa diretora \u00e9 composta por 11 cargos: presidente, dois vice-presidentes, quatro secret\u00e1rios e seus suplentes.<\/p>\n<p><em>\u201cConsiderando que neste momento apenas o cargo de presidente foi apurado, cargo exclu\u00eddo da proporcionalidade partid\u00e1ria, permitindo a candidatura de qualquer deputado e que nenhuma candidatura apresentada a este cargo foi indeferida. Considerando que ainda n\u00e3o \u00e9 conhecida a vontade deste soberano plen\u00e1rio, quanto \u00e0 parte equivocada, relativas aos demais cargos, decide tornar sem efeito a decis\u00e3o que deferiu o registro do bloco\u201d, argumentou. <\/em><\/p>\n<p>A decis\u00e3o cancelou a forma\u00e7\u00e3o do bloco de Baleia Rossi, formado por 10 partidos (PT, MDB, PSDB, PSB, PDT, Solidariedade, PCdoB, Cidadania, PV e Rede). Segundo Lira, o bloco foi protocolado ap\u00f3s o t\u00e9rmino do prazo. Segundo o PT, o sistema da C\u00e2mara dos Deputados travou 20 minutos antes do fim do prazo, inviabilizando o protocolo no prazo.<\/p>\n<p><strong>Atua\u00e7\u00e3o harm\u00f4nica<\/strong><\/p>\n<p>Ao iniciar seu discurso como presidente, Lira pediu um minuto de sil\u00eancio em homenagem \u00e0s v\u00edtimas da pandemia de Covid-19. O parlamentar afirmou que a pandemia deve ser enfrentada com uma \u201catua\u00e7\u00e3o harm\u00f4nica dos poderes sem abrir m\u00e3o da independ\u00eancia\u201d entre Legislativo e Executivo.<\/p>\n<p><em>&#8220;Precisamos urgentemente amparar os brasileiros que est\u00e3o em caso de desespero econ\u00f4mico; analisar como fortalecer nossa rede de prote\u00e7\u00e3o social; vacinar, vacinar e vacinar a popula\u00e7\u00e3o; e buscar o equil\u00edbrio das contas p\u00fablicas\u201d, argumentou.<\/em><\/p>\n<p>Ao discursar antes da vota\u00e7\u00e3o, Lira afirmou que haver\u00e1 reuni\u00e3o de l\u00edderes partid\u00e1rios \u00e0s quintas-feiras para construir a pauta de vota\u00e7\u00e3o. Al\u00e9m disso, ser\u00e3o definidos os relatores das propostas, respeitada a proporcionalidade partid\u00e1ria.<\/p>\n<p><em>\u201cQuando um deputado ou deputada atinge a presid\u00eancia [da Casa], \u00e9 imposta automaticamente a perda da mais fundamental prerrogativa parlamentar, a de votar\u201d, disse. \u201cIsso quer dizer que o presidente n\u00e3o pode ter posi\u00e7\u00f5es pessoais.\u201d<\/em><\/p>\n<p><strong>Presidente do Senado<\/strong><\/p>\n<p>Rodrigo Pacheco foi eleito como Presidente do Senado. Em seu primeiro discurso, Pacheco citou v\u00e1rios temas importantes e, com isso, atendeu a diferentes correntes do Senado, cujas pautas priorit\u00e1rias s\u00e3o diversas. Defendeu a independ\u00eancia da Casa, o combate \u00e0 corrup\u00e7\u00e3o, a gera\u00e7\u00e3o de empregos, o combate \u00e0 pandemia, a estabilidade econ\u00f4mica e a preserva\u00e7\u00e3o do meio ambiente.<img decoding=\"async\" src=\"https:\/\/agenciabrasil.ebc.com.br\/ebc.png?id=1400265&amp;o=node\" \/><img decoding=\"async\" src=\"https:\/\/agenciabrasil.ebc.com.br\/ebc.gif?id=1400265&amp;o=node\" \/><\/p>\n<p><em>\u201c[O Senado deve] Atuar com vistas no trin\u00f4mio sa\u00fade p\u00fablica, desenvolvimento social e crescimento econ\u00f4mico, com o objetivo de preservar vidas humanas, socorrer os mais vulner\u00e1veis, gerar emprego e renda\u201d, disse o novo presidente do Senado. Pacheco tamb\u00e9m citou as reformas, sobretudo a tribut\u00e1ria, que o governo federal tenta emplacar h\u00e1 v\u00e1rios meses, mas que empacou no Congresso. Para ele, as reformas devem ser debatidas, mas \u201csem atropelos\u201d.<\/em><\/p>\n<p><strong><em>\u00a0<\/em><\/strong>Fonte: Ag\u00eancia Brasil<\/p>\n","protected":false},"excerpt":{"rendered":"<p>Presidente da C\u00e2mara, Arthur Lira determinou que ocorra nova elei\u00e7\u00e3o para escolha da Mesa Diretora;\u00a0 Pacheco, eleito Presidente do Senado, defende pautas diversas O deputado&#8230;<\/p>\n","protected":false},"author":1182,"featured_media":33647,"comment_status":"closed","ping_status":"closed","sticky":false,"template":"","format":"standard","meta":{"footnotes":""},"categories":[6],"tags":[2145,1261,1348,314,1456,974],"class_list":["post-33646","post","type-post","status-publish","format-standard","has-post-thumbnail","hentry","category-noticias","tag-camara-dos-deputados","tag-candidatos","tag-eleicao","tag-presidente","tag-turno","tag-votacao"],"_links":{"self":[{"href":"https:\/\/www.sincomam.org.br\/index.php\/wp-json\/wp\/v2\/posts\/33646","targetHints":{"allow":["GET"]}}],"collection":[{"href":"https:\/\/www.sincomam.org.br\/index.php\/wp-json\/wp\/v2\/posts"}],"about":[{"href":"https:\/\/www.sincomam.org.br\/index.php\/wp-json\/wp\/v2\/types\/post"}],"author":[{"embeddable":true,"href":"https:\/\/www.sincomam.org.br\/index.php\/wp-json\/wp\/v2\/users\/1182"}],"replies":[{"embeddable":true,"href":"https:\/\/www.sincomam.org.br\/index.php\/wp-json\/wp\/v2\/comments?post=33646"}],"version-history":[{"count":5,"href":"https:\/\/www.sincomam.org.br\/index.php\/wp-json\/wp\/v2\/posts\/33646\/revisions"}],"predecessor-version":[{"id":33653,"href":"https:\/\/www.sincomam.org.br\/index.php\/wp-json\/wp\/v2\/posts\/33646\/revisions\/33653"}],"wp:featuredmedia":[{"embeddable":true,"href":"https:\/\/www.sincomam.org.br\/index.php\/wp-json\/wp\/v2\/media\/33647"}],"wp:attachment":[{"href":"https:\/\/www.sincomam.org.br\/index.php\/wp-json\/wp\/v2\/media?parent=33646"}],"wp:term":[{"taxonomy":"category","embeddable":true,"href":"https:\/\/www.sincomam.org.br\/index.php\/wp-json\/wp\/v2\/categories?post=33646"},{"taxonomy":"post_tag","embeddable":true,"href":"https:\/\/www.sincomam.org.br\/index.php\/wp-json\/wp\/v2\/tags?post=33646"}],"curies":[{"name":"wp","href":"https:\/\/api.w.org\/{rel}","templated":true}]}}