{"id":33639,"date":"2021-02-01T10:27:27","date_gmt":"2021-02-01T13:27:27","guid":{"rendered":"http:\/\/www.sincomam.org.br\/?p=33639"},"modified":"2021-02-01T15:51:51","modified_gmt":"2021-02-01T18:51:51","slug":"aposentado-do-inss-que-ganha-mais-que-o-salario-minimo-comeca-a-receber-reajuste","status":"publish","type":"post","link":"https:\/\/www.sincomam.org.br\/index.php\/aposentado-do-inss-que-ganha-mais-que-o-salario-minimo-comeca-a-receber-reajuste\/","title":{"rendered":"Aposentado do INSS que ganha mais que o sal\u00e1rio m\u00ednimo come\u00e7a a receber reajuste"},"content":{"rendered":"<blockquote><p>Os aposentados e pensionistas do INSS (Instituto Nacional do Seguro Social) que ganham mais do que o o sal\u00e1rio m\u00ednimo come\u00e7am a receber o benef\u00edcio com reajuste de 5,45% a partir desta segunda-feira (1\u00ba). Os pagamentos seguem at\u00e9 sexta-feira (5).<\/p><\/blockquote>\n<p>A data do dep\u00f3sito depende de qual \u00e9 o final do n\u00famero do benef\u00edcio, sem considerar o d\u00edgito. Nesta segunda, por exemplo, come\u00e7am a receber os segurados que t\u00eam n\u00famero final 1 e 6.<\/p>\n<p>Quem ganha aposentadoria, pens\u00e3o ou aux\u00edlio de at\u00e9 um sal\u00e1rio m\u00ednimo come\u00e7ou a receber os novos valores em 25 de janeiro. Os pagamentos, nesses casos, continuam em andamento. Nesta segunda recebe quem tem final de n\u00famero de benef\u00edcio 6. Os dep\u00f3sitos seguem tamb\u00e9m at\u00e9 sexta.<\/p>\n<h4>Reajuste no benef\u00edcio<\/h4>\n<p>Quem ganha acima do sal\u00e1rio m\u00ednimo ter\u00e1 um aumento de 5,45%, igual ao INPC (\u00cdndice Nacional de Pre\u00e7os ao Consumidor) acumulado de 2020. Se come\u00e7ou a receber o benef\u00edcio a partir de fevereiro do ano passado, o \u00edndice de\u00a0reajuste vai variar conforme o m\u00eas de in\u00edcio da concess\u00e3o.<\/p>\n<p>Os segurados que ganham um sal\u00e1rio m\u00ednimo tiveram um aumento de 5,26%, seguindo o reajuste do piso nacional, que passou de R$ 1.045 para R$ 1.100 neste ano.<\/p>\n<p>Fonte: CNN Brasil<\/p>\n","protected":false},"excerpt":{"rendered":"<p>Os aposentados e pensionistas do INSS (Instituto Nacional do Seguro Social) que ganham mais do que o o sal\u00e1rio m\u00ednimo come\u00e7am a receber o benef\u00edcio&#8230;<\/p>\n","protected":false},"author":1182,"featured_media":17827,"comment_status":"closed","ping_status":"closed","sticky":false,"template":"","format":"standard","meta":{"footnotes":""},"categories":[6],"tags":[420,1540,1839,503,2902],"class_list":["post-33639","post","type-post","status-publish","format-standard","has-post-thumbnail","hentry","category-noticias","tag-aposentados","tag-direitos","tag-inss","tag-pagamentos","tag-pensionistas"],"_links":{"self":[{"href":"https:\/\/www.sincomam.org.br\/index.php\/wp-json\/wp\/v2\/posts\/33639","targetHints":{"allow":["GET"]}}],"collection":[{"href":"https:\/\/www.sincomam.org.br\/index.php\/wp-json\/wp\/v2\/posts"}],"about":[{"href":"https:\/\/www.sincomam.org.br\/index.php\/wp-json\/wp\/v2\/types\/post"}],"author":[{"embeddable":true,"href":"https:\/\/www.sincomam.org.br\/index.php\/wp-json\/wp\/v2\/users\/1182"}],"replies":[{"embeddable":true,"href":"https:\/\/www.sincomam.org.br\/index.php\/wp-json\/wp\/v2\/comments?post=33639"}],"version-history":[{"count":2,"href":"https:\/\/www.sincomam.org.br\/index.php\/wp-json\/wp\/v2\/posts\/33639\/revisions"}],"predecessor-version":[{"id":33642,"href":"https:\/\/www.sincomam.org.br\/index.php\/wp-json\/wp\/v2\/posts\/33639\/revisions\/33642"}],"wp:featuredmedia":[{"embeddable":true,"href":"https:\/\/www.sincomam.org.br\/index.php\/wp-json\/wp\/v2\/media\/17827"}],"wp:attachment":[{"href":"https:\/\/www.sincomam.org.br\/index.php\/wp-json\/wp\/v2\/media?parent=33639"}],"wp:term":[{"taxonomy":"category","embeddable":true,"href":"https:\/\/www.sincomam.org.br\/index.php\/wp-json\/wp\/v2\/categories?post=33639"},{"taxonomy":"post_tag","embeddable":true,"href":"https:\/\/www.sincomam.org.br\/index.php\/wp-json\/wp\/v2\/tags?post=33639"}],"curies":[{"name":"wp","href":"https:\/\/api.w.org\/{rel}","templated":true}]}}