{"id":33629,"date":"2021-02-01T13:13:30","date_gmt":"2021-02-01T16:13:30","guid":{"rendered":"http:\/\/www.sincomam.org.br\/?p=33629"},"modified":"2021-02-01T15:52:55","modified_gmt":"2021-02-01T18:52:55","slug":"movimentacao-nos-portos-publicos-cresce-568-em-2020","status":"publish","type":"post","link":"https:\/\/www.sincomam.org.br\/index.php\/movimentacao-nos-portos-publicos-cresce-568-em-2020\/","title":{"rendered":"Movimenta\u00e7\u00e3o nos portos p\u00fablicos cresce 5,68% em 2020"},"content":{"rendered":"<p><strong><em>Desempenho contou com recordes hist\u00f3ricos nos portos brasileiros<\/em><\/strong><\/p>\n<p>A movimenta\u00e7\u00e3o de cargas dos portos p\u00fablicos brasileiros cresceu 5,68% no ano de 2020 em rela\u00e7\u00e3o ao mesmo per\u00edodo de 2019. Foram movimentadas 447,1 milh\u00f5es de toneladas de cargas no ano passado ante \u00e0 movimenta\u00e7\u00e3o de 423 milh\u00f5es de toneladas em 2019.<\/p>\n<p>Segundo informa\u00e7\u00f5es divulgadas pelo Minist\u00e9rio da Infraestrutura, a \u00a0maioria das principais autoridades portu\u00e1rias que concentram cerca de 80% dos contratos de arrendamentos nos portos nacionais teve n\u00fameros positivos, mostrando que, mesmo durante a crise sanit\u00e1ria, o setor n\u00e3o parou e continuou crescendo.<\/p>\n<p><em>\u201cEm um ano desafiador para todos n\u00f3s, o setor portu\u00e1rio mostrou maturidade para enfrentar os percal\u00e7os, mantendo integralmente o atendimento \u00e0s cadeias log\u00edsticas que demandam os portos. Fruto da gest\u00e3o profissional de nossos portos, da compet\u00eancia de nossos operadores e do compromisso dos profissionais que formam esse importante setor da log\u00edstica\u201d, declarou o ministro da Infraestrutura, Tarc\u00edsio Gomes de Freitas.<\/em><\/p>\n<p><strong>Porto de Santos<\/strong><\/p>\n<p>O Porto de Santos registrou aumento na movimenta\u00e7\u00e3o de cargas, fechando 2020 com acr\u00e9scimo de 9,3% em rela\u00e7\u00e3o a 2019. Foram movimentadas 146,5 milh\u00f5es de toneladas de cargas no per\u00edodo.<\/p>\n<p>Al\u00e9m do recorde no total de cargas, os 11 primeiros meses de 2020 tamb\u00e9m bateram marcas hist\u00f3ricas de determinadas cargas para o per\u00edodo. Os gran\u00e9is s\u00f3lidos tiveram alta de 14,9% na base anual, para 70,5 milh\u00f5es de toneladas; os gran\u00e9is l\u00edquidos tamb\u00e9m cresceram dois d\u00edgitos (10,7%), para 17,2 milh\u00f5es de toneladas.<\/p>\n<p>*Com informa\u00e7\u00f5es do MInfra<\/p>\n","protected":false},"excerpt":{"rendered":"<p>Desempenho contou com recordes hist\u00f3ricos nos portos brasileiros A movimenta\u00e7\u00e3o de cargas dos portos p\u00fablicos brasileiros cresceu 5,68% no ano de 2020 em rela\u00e7\u00e3o ao&#8230;<\/p>\n","protected":false},"author":1182,"featured_media":18514,"comment_status":"closed","ping_status":"closed","sticky":false,"template":"","format":"standard","meta":{"footnotes":""},"categories":[6],"tags":[170,237,69,1481,89],"class_list":["post-33629","post","type-post","status-publish","format-standard","has-post-thumbnail","hentry","category-noticias","tag-crescimento","tag-movimentacao","tag-portos","tag-publicos","tag-santos"],"_links":{"self":[{"href":"https:\/\/www.sincomam.org.br\/index.php\/wp-json\/wp\/v2\/posts\/33629","targetHints":{"allow":["GET"]}}],"collection":[{"href":"https:\/\/www.sincomam.org.br\/index.php\/wp-json\/wp\/v2\/posts"}],"about":[{"href":"https:\/\/www.sincomam.org.br\/index.php\/wp-json\/wp\/v2\/types\/post"}],"author":[{"embeddable":true,"href":"https:\/\/www.sincomam.org.br\/index.php\/wp-json\/wp\/v2\/users\/1182"}],"replies":[{"embeddable":true,"href":"https:\/\/www.sincomam.org.br\/index.php\/wp-json\/wp\/v2\/comments?post=33629"}],"version-history":[{"count":1,"href":"https:\/\/www.sincomam.org.br\/index.php\/wp-json\/wp\/v2\/posts\/33629\/revisions"}],"predecessor-version":[{"id":33630,"href":"https:\/\/www.sincomam.org.br\/index.php\/wp-json\/wp\/v2\/posts\/33629\/revisions\/33630"}],"wp:featuredmedia":[{"embeddable":true,"href":"https:\/\/www.sincomam.org.br\/index.php\/wp-json\/wp\/v2\/media\/18514"}],"wp:attachment":[{"href":"https:\/\/www.sincomam.org.br\/index.php\/wp-json\/wp\/v2\/media?parent=33629"}],"wp:term":[{"taxonomy":"category","embeddable":true,"href":"https:\/\/www.sincomam.org.br\/index.php\/wp-json\/wp\/v2\/categories?post=33629"},{"taxonomy":"post_tag","embeddable":true,"href":"https:\/\/www.sincomam.org.br\/index.php\/wp-json\/wp\/v2\/tags?post=33629"}],"curies":[{"name":"wp","href":"https:\/\/api.w.org\/{rel}","templated":true}]}}